{"id":10150,"date":"2017-11-12T08:03:09","date_gmt":"2017-11-12T08:03:09","guid":{"rendered":"http:\/\/sv-luftfahrt-berlin.de\/?p=10150"},"modified":"2017-11-13T10:30:17","modified_gmt":"2017-11-13T10:30:17","slug":"11-11-2017-wanderpokal-des-jc03","status":"publish","type":"post","link":"http:\/\/sv-luftfahrt-berlin.de\/?p=10150","title":{"rendered":"11.11.2017 &#8211; Wanderpokal des JC03"},"content":{"rendered":"<p>Lazar, Felix und Daniel k\u00e4mpften beim diesj\u00e4hrigen Wanderpokal des JC03 in Hohensch\u00f6nhausen. Leon \u00fcbernahm die Betreuung der K\u00e4mpfer; Martin und Max standen als Kampfrichter auf der Matte. Daniel erk\u00e4mpfte sich einen dritten Platz. F\u00fcr Felix und Lazar war es der erste stark besetzte Wettkampf &#8211; leider ohne eine begehrte Medaille am Ende.<\/p>\n<div id='gallery-1' class='gallery galleryid-10150 gallery-columns-3 gallery-size-colormag-featured-image'><figure class='gallery-item'>\n\t\t\t<div class='gallery-icon portrait'>\n\t\t\t\t<a href='http:\/\/sv-luftfahrt-berlin.de\/?attachment_id=10155'><img loading=\"lazy\" decoding=\"async\" width=\"334\" height=\"445\" src=\"http:\/\/sv-luftfahrt-berlin.de\/wp-content\/uploads\/2017\/11\/IMG_6940.jpg\" class=\"attachment-colormag-featured-image size-colormag-featured-image\" alt=\"\" srcset=\"http:\/\/sv-luftfahrt-berlin.de\/wp-content\/uploads\/2017\/11\/IMG_6940.jpg 876w, http:\/\/sv-luftfahrt-berlin.de\/wp-content\/uploads\/2017\/11\/IMG_6940-225x300.jpg 225w, http:\/\/sv-luftfahrt-berlin.de\/wp-content\/uploads\/2017\/11\/IMG_6940-768x1024.jpg 768w\" sizes=\"auto, (max-width: 334px) 100vw, 334px\" \/><\/a>\n\t\t\t<\/div><\/figure><figure class='gallery-item'>\n\t\t\t<div class='gallery-icon portrait'>\n\t\t\t\t<a href='http:\/\/sv-luftfahrt-berlin.de\/?attachment_id=10156'><img loading=\"lazy\" decoding=\"async\" width=\"334\" height=\"445\" src=\"http:\/\/sv-luftfahrt-berlin.de\/wp-content\/uploads\/2017\/11\/IMG_6942.jpg\" class=\"attachment-colormag-featured-image size-colormag-featured-image\" alt=\"\" srcset=\"http:\/\/sv-luftfahrt-berlin.de\/wp-content\/uploads\/2017\/11\/IMG_6942.jpg 876w, http:\/\/sv-luftfahrt-berlin.de\/wp-content\/uploads\/2017\/11\/IMG_6942-225x300.jpg 225w, http:\/\/sv-luftfahrt-berlin.de\/wp-content\/uploads\/2017\/11\/IMG_6942-768x1024.jpg 768w\" sizes=\"auto, (max-width: 334px) 100vw, 334px\" \/><\/a>\n\t\t\t<\/div><\/figure><figure class='gallery-item'>\n\t\t\t<div class='gallery-icon landscape'>\n\t\t\t\t<a href='http:\/\/sv-luftfahrt-berlin.de\/?attachment_id=10157'><img loading=\"lazy\" decoding=\"async\" width=\"593\" height=\"445\" src=\"http:\/\/sv-luftfahrt-berlin.de\/wp-content\/uploads\/2017\/11\/IMG_6943.jpg\" class=\"attachment-colormag-featured-image size-colormag-featured-image\" alt=\"\" srcset=\"http:\/\/sv-luftfahrt-berlin.de\/wp-content\/uploads\/2017\/11\/IMG_6943.jpg 1168w, http:\/\/sv-luftfahrt-berlin.de\/wp-content\/uploads\/2017\/11\/IMG_6943-300x225.jpg 300w, http:\/\/sv-luftfahrt-berlin.de\/wp-content\/uploads\/2017\/11\/IMG_6943-768x576.jpg 768w, http:\/\/sv-luftfahrt-berlin.de\/wp-content\/uploads\/2017\/11\/IMG_6943-1024x768.jpg 1024w\" sizes=\"auto, (max-width: 593px) 100vw, 593px\" \/><\/a>\n\t\t\t<\/div><\/figure><figure class='gallery-item'>\n\t\t\t<div class='gallery-icon landscape'>\n\t\t\t\t<a href='http:\/\/sv-luftfahrt-berlin.de\/?attachment_id=10158'><img loading=\"lazy\" decoding=\"async\" width=\"593\" height=\"445\" src=\"http:\/\/sv-luftfahrt-berlin.de\/wp-content\/uploads\/2017\/11\/IMG_6944.jpg\" class=\"attachment-colormag-featured-image size-colormag-featured-image\" alt=\"\" srcset=\"http:\/\/sv-luftfahrt-berlin.de\/wp-content\/uploads\/2017\/11\/IMG_6944.jpg 1168w, http:\/\/sv-luftfahrt-berlin.de\/wp-content\/uploads\/2017\/11\/IMG_6944-300x225.jpg 300w, http:\/\/sv-luftfahrt-berlin.de\/wp-content\/uploads\/2017\/11\/IMG_6944-768x576.jpg 768w, http:\/\/sv-luftfahrt-berlin.de\/wp-content\/uploads\/2017\/11\/IMG_6944-1024x768.jpg 1024w\" sizes=\"auto, (max-width: 593px) 100vw, 593px\" \/><\/a>\n\t\t\t<\/div><\/figure><figure class='gallery-item'>\n\t\t\t<div class='gallery-icon portrait'>\n\t\t\t\t<a href='http:\/\/sv-luftfahrt-berlin.de\/?attachment_id=10159'><img loading=\"lazy\" decoding=\"async\" width=\"334\" height=\"445\" src=\"http:\/\/sv-luftfahrt-berlin.de\/wp-content\/uploads\/2017\/11\/IMG_6947.jpg\" class=\"attachment-colormag-featured-image size-colormag-featured-image\" alt=\"\" srcset=\"http:\/\/sv-luftfahrt-berlin.de\/wp-content\/uploads\/2017\/11\/IMG_6947.jpg 876w, http:\/\/sv-luftfahrt-berlin.de\/wp-content\/uploads\/2017\/11\/IMG_6947-225x300.jpg 225w, http:\/\/sv-luftfahrt-berlin.de\/wp-content\/uploads\/2017\/11\/IMG_6947-768x1024.jpg 768w\" sizes=\"auto, (max-width: 334px) 100vw, 334px\" \/><\/a>\n\t\t\t<\/div><\/figure><figure class='gallery-item'>\n\t\t\t<div class='gallery-icon landscape'>\n\t\t\t\t<a href='http:\/\/sv-luftfahrt-berlin.de\/?attachment_id=10160'><img loading=\"lazy\" decoding=\"async\" width=\"593\" height=\"445\" src=\"http:\/\/sv-luftfahrt-berlin.de\/wp-content\/uploads\/2017\/11\/IMG_6948.jpg\" class=\"attachment-colormag-featured-image size-colormag-featured-image\" alt=\"\" srcset=\"http:\/\/sv-luftfahrt-berlin.de\/wp-content\/uploads\/2017\/11\/IMG_6948.jpg 1168w, http:\/\/sv-luftfahrt-berlin.de\/wp-content\/uploads\/2017\/11\/IMG_6948-300x225.jpg 300w, http:\/\/sv-luftfahrt-berlin.de\/wp-content\/uploads\/2017\/11\/IMG_6948-768x576.jpg 768w, http:\/\/sv-luftfahrt-berlin.de\/wp-content\/uploads\/2017\/11\/IMG_6948-1024x768.jpg 1024w\" sizes=\"auto, (max-width: 593px) 100vw, 593px\" \/><\/a>\n\t\t\t<\/div><\/figure><figure class='gallery-item'>\n\t\t\t<div class='gallery-icon portrait'>\n\t\t\t\t<a href='http:\/\/sv-luftfahrt-berlin.de\/?attachment_id=10161'><img loading=\"lazy\" decoding=\"async\" width=\"334\" height=\"445\" src=\"http:\/\/sv-luftfahrt-berlin.de\/wp-content\/uploads\/2017\/11\/IMG_6949.jpg\" class=\"attachment-colormag-featured-image size-colormag-featured-image\" alt=\"\" srcset=\"http:\/\/sv-luftfahrt-berlin.de\/wp-content\/uploads\/2017\/11\/IMG_6949.jpg 876w, http:\/\/sv-luftfahrt-berlin.de\/wp-content\/uploads\/2017\/11\/IMG_6949-225x300.jpg 225w, http:\/\/sv-luftfahrt-berlin.de\/wp-content\/uploads\/2017\/11\/IMG_6949-768x1024.jpg 768w\" sizes=\"auto, (max-width: 334px) 100vw, 334px\" \/><\/a>\n\t\t\t<\/div><\/figure><figure class='gallery-item'>\n\t\t\t<div class='gallery-icon portrait'>\n\t\t\t\t<a href='http:\/\/sv-luftfahrt-berlin.de\/?attachment_id=10162'><img loading=\"lazy\" decoding=\"async\" width=\"334\" height=\"445\" src=\"http:\/\/sv-luftfahrt-berlin.de\/wp-content\/uploads\/2017\/11\/IMG_6950.jpg\" class=\"attachment-colormag-featured-image size-colormag-featured-image\" alt=\"\" srcset=\"http:\/\/sv-luftfahrt-berlin.de\/wp-content\/uploads\/2017\/11\/IMG_6950.jpg 876w, http:\/\/sv-luftfahrt-berlin.de\/wp-content\/uploads\/2017\/11\/IMG_6950-225x300.jpg 225w, http:\/\/sv-luftfahrt-berlin.de\/wp-content\/uploads\/2017\/11\/IMG_6950-768x1024.jpg 768w\" sizes=\"auto, (max-width: 334px) 100vw, 334px\" \/><\/a>\n\t\t\t<\/div><\/figure><figure class='gallery-item'>\n\t\t\t<div class='gallery-icon landscape'>\n\t\t\t\t<a href='http:\/\/sv-luftfahrt-berlin.de\/?attachment_id=10163'><img loading=\"lazy\" decoding=\"async\" width=\"593\" height=\"445\" src=\"http:\/\/sv-luftfahrt-berlin.de\/wp-content\/uploads\/2017\/11\/IMG_6951.jpg\" class=\"attachment-colormag-featured-image size-colormag-featured-image\" alt=\"\" srcset=\"http:\/\/sv-luftfahrt-berlin.de\/wp-content\/uploads\/2017\/11\/IMG_6951.jpg 1168w, http:\/\/sv-luftfahrt-berlin.de\/wp-content\/uploads\/2017\/11\/IMG_6951-300x225.jpg 300w, http:\/\/sv-luftfahrt-berlin.de\/wp-content\/uploads\/2017\/11\/IMG_6951-768x576.jpg 768w, http:\/\/sv-luftfahrt-berlin.de\/wp-content\/uploads\/2017\/11\/IMG_6951-1024x768.jpg 1024w\" sizes=\"auto, (max-width: 593px) 100vw, 593px\" \/><\/a>\n\t\t\t<\/div><\/figure><figure class='gallery-item'>\n\t\t\t<div class='gallery-icon portrait'>\n\t\t\t\t<a href='http:\/\/sv-luftfahrt-berlin.de\/?attachment_id=10164'><img loading=\"lazy\" decoding=\"async\" width=\"334\" height=\"445\" src=\"http:\/\/sv-luftfahrt-berlin.de\/wp-content\/uploads\/2017\/11\/IMG_6952.jpg\" class=\"attachment-colormag-featured-image size-colormag-featured-image\" alt=\"\" srcset=\"http:\/\/sv-luftfahrt-berlin.de\/wp-content\/uploads\/2017\/11\/IMG_6952.jpg 876w, http:\/\/sv-luftfahrt-berlin.de\/wp-content\/uploads\/2017\/11\/IMG_6952-225x300.jpg 225w, http:\/\/sv-luftfahrt-berlin.de\/wp-content\/uploads\/2017\/11\/IMG_6952-768x1024.jpg 768w\" sizes=\"auto, (max-width: 334px) 100vw, 334px\" \/><\/a>\n\t\t\t<\/div><\/figure><figure class='gallery-item'>\n\t\t\t<div class='gallery-icon portrait'>\n\t\t\t\t<a href='http:\/\/sv-luftfahrt-berlin.de\/?attachment_id=10165'><img loading=\"lazy\" decoding=\"async\" width=\"334\" height=\"445\" src=\"http:\/\/sv-luftfahrt-berlin.de\/wp-content\/uploads\/2017\/11\/IMG_6953.jpg\" class=\"attachment-colormag-featured-image size-colormag-featured-image\" alt=\"\" srcset=\"http:\/\/sv-luftfahrt-berlin.de\/wp-content\/uploads\/2017\/11\/IMG_6953.jpg 876w, http:\/\/sv-luftfahrt-berlin.de\/wp-content\/uploads\/2017\/11\/IMG_6953-225x300.jpg 225w, http:\/\/sv-luftfahrt-berlin.de\/wp-content\/uploads\/2017\/11\/IMG_6953-768x1024.jpg 768w\" sizes=\"auto, (max-width: 334px) 100vw, 334px\" \/><\/a>\n\t\t\t<\/div><\/figure><figure class='gallery-item'>\n\t\t\t<div class='gallery-icon landscape'>\n\t\t\t\t<a href='http:\/\/sv-luftfahrt-berlin.de\/?attachment_id=10166'><img loading=\"lazy\" decoding=\"async\" width=\"593\" height=\"445\" src=\"http:\/\/sv-luftfahrt-berlin.de\/wp-content\/uploads\/2017\/11\/IMG_6954.jpg\" class=\"attachment-colormag-featured-image size-colormag-featured-image\" alt=\"\" srcset=\"http:\/\/sv-luftfahrt-berlin.de\/wp-content\/uploads\/2017\/11\/IMG_6954.jpg 1168w, http:\/\/sv-luftfahrt-berlin.de\/wp-content\/uploads\/2017\/11\/IMG_6954-300x225.jpg 300w, http:\/\/sv-luftfahrt-berlin.de\/wp-content\/uploads\/2017\/11\/IMG_6954-768x576.jpg 768w, http:\/\/sv-luftfahrt-berlin.de\/wp-content\/uploads\/2017\/11\/IMG_6954-1024x768.jpg 1024w\" sizes=\"auto, (max-width: 593px) 100vw, 593px\" \/><\/a>\n\t\t\t<\/div><\/figure>\n\t\t<\/div>\n\n","protected":false},"excerpt":{"rendered":"<p>Lazar, Felix und Daniel k\u00e4mpften beim diesj\u00e4hrigen Wanderpokal des JC03 in Hohensch\u00f6nhausen. Leon \u00fcbernahm die Betreuung der K\u00e4mpfer; Martin und<\/p>\n","protected":false},"author":3,"featured_media":0,"comment_status":"closed","ping_status":"closed","sticky":false,"template":"","format":"standard","meta":{"colormag_page_container_layout":"default_layout","colormag_page_sidebar_layout":"default_layout","ngg_post_thumbnail":0,"footnotes":""},"categories":[2],"tags":[],"class_list":["post-10150","post","type-post","status-publish","format-standard","hentry","category-news"],"_links":{"self":[{"href":"http:\/\/sv-luftfahrt-berlin.de\/index.php?rest_route=\/wp\/v2\/posts\/10150","targetHints":{"allow":["GET"]}}],"collection":[{"href":"http:\/\/sv-luftfahrt-berlin.de\/index.php?rest_route=\/wp\/v2\/posts"}],"about":[{"href":"http:\/\/sv-luftfahrt-berlin.de\/index.php?rest_route=\/wp\/v2\/types\/post"}],"author":[{"embeddable":true,"href":"http:\/\/sv-luftfahrt-berlin.de\/index.php?rest_route=\/wp\/v2\/users\/3"}],"replies":[{"embeddable":true,"href":"http:\/\/sv-luftfahrt-berlin.de\/index.php?rest_route=%2Fwp%2Fv2%2Fcomments&post=10150"}],"version-history":[{"count":2,"href":"http:\/\/sv-luftfahrt-berlin.de\/index.php?rest_route=\/wp\/v2\/posts\/10150\/revisions"}],"predecessor-version":[{"id":10167,"href":"http:\/\/sv-luftfahrt-berlin.de\/index.php?rest_route=\/wp\/v2\/posts\/10150\/revisions\/10167"}],"wp:attachment":[{"href":"http:\/\/sv-luftfahrt-berlin.de\/index.php?rest_route=%2Fwp%2Fv2%2Fmedia&parent=10150"}],"wp:term":[{"taxonomy":"category","embeddable":true,"href":"http:\/\/sv-luftfahrt-berlin.de\/index.php?rest_route=%2Fwp%2Fv2%2Fcategories&post=10150"},{"taxonomy":"post_tag","embeddable":true,"href":"http:\/\/sv-luftfahrt-berlin.de\/index.php?rest_route=%2Fwp%2Fv2%2Ftags&post=10150"}],"curies":[{"name":"wp","href":"https:\/\/api.w.org\/{rel}","templated":true}]}}