{"id":12428,"date":"2019-12-01T11:51:24","date_gmt":"2019-12-01T11:51:24","guid":{"rendered":"http:\/\/sv-luftfahrt-berlin.de\/?p=12428"},"modified":"2019-12-01T11:51:24","modified_gmt":"2019-12-01T11:51:24","slug":"trainingslager-2019","status":"publish","type":"post","link":"http:\/\/sv-luftfahrt-berlin.de\/?p=12428","title":{"rendered":"Trainingslager 2019"},"content":{"rendered":"\n<p lang=\"de-DE\">Nach einer Pause im letzten Jahr fuhren wir in der letzten Woche der Berliner Sommerferien wieder ins Trainingslager am H\u00f6lzernen See. Neben den Luftfahrern waren auch Judokas einer Schulsport AG, der SG Fernsehen und der BSG Stahl Eisenh\u00fcttenstadt mit dabei, sodass wir mit gut 35 Personen eine gro\u00dfe und bunt gemischte Truppe waren.<\/p>\n<p lang=\"de-DE\">Neben dem t\u00e4glichen Training (Fr\u00fchsport, Wettkampftraining, Kyutraining) gab es allerhand weitere bew\u00e4hrte Freizeitaktivit\u00e4ten, wie z.B. Baden gehen, Holz sammeln, Filmabend, Nachtwanderung, Krafttraining der Gro\u00dfen, \u2026<\/p>\n<p lang=\"de-DE\">Zum Ende des Trainingslagers konnten wir zahlreiche Kyupr\u00fcfungen abnehmen. Herzlichen Gl\u00fcckwunsch an:<\/p>\n<p lang=\"de-DE\">8. Kyu <span style=\"color: #ffffff;\"><span style=\"font-family: Liberation Serif, serif;\">\u25a0<\/span><\/span><span style=\"color: #fff200;\"><span style=\"font-family: Liberation Serif, serif;\">\u25a0<\/span><\/span>: Erik, Nele , Fabian, Charlotte, Alexander<br \/>7. Kyu <span style=\"color: #fff200;\"><span style=\"font-family: Liberation Serif, serif;\">\u25a0\u25a0<\/span><\/span>: Maja, Carl, Milan, Amy, Josephine, Lina, Amira, Anja<br \/>6. Kyu <span style=\"color: #fff200;\"><span style=\"font-family: Liberation Serif, serif;\">\u25a0<\/span><\/span><span style=\"color: #f58220;\"><span style=\"font-family: Liberation Serif, serif;\">\u25a0<\/span><\/span>: Felix, Lazar, Michael<br \/>4. Kyu <span style=\"color: #f58220;\"><span style=\"font-family: Liberation Serif, serif;\">\u25a0<\/span><\/span><span style=\"color: #00a65d;\"><span style=\"font-family: Liberation Serif, serif;\">\u25a0<\/span><\/span>: John, Paul<\/p>\n<p lang=\"de-DE\">Nach dem Training ist auch mal Zeit f\u00fcr Entspannung \ud83d\ude42<br \/><a href=\"http:\/\/sv-luftfahrt-berlin.de\/wp-content\/uploads\/2019\/12\/20190727_160854_small.jpg\"><img loading=\"lazy\" decoding=\"async\" class=\"wp-image-12429 alignnone\" src=\"http:\/\/sv-luftfahrt-berlin.de\/wp-content\/uploads\/2019\/12\/20190727_160854_small-300x169.jpg\" alt=\"\" width=\"500\" height=\"281\" srcset=\"http:\/\/sv-luftfahrt-berlin.de\/wp-content\/uploads\/2019\/12\/20190727_160854_small-300x169.jpg 300w, http:\/\/sv-luftfahrt-berlin.de\/wp-content\/uploads\/2019\/12\/20190727_160854_small-1024x576.jpg 1024w, http:\/\/sv-luftfahrt-berlin.de\/wp-content\/uploads\/2019\/12\/20190727_160854_small-768x432.jpg 768w, http:\/\/sv-luftfahrt-berlin.de\/wp-content\/uploads\/2019\/12\/20190727_160854_small.jpg 1280w\" sizes=\"auto, (max-width: 500px) 100vw, 500px\" \/><\/a><\/p>\n","protected":false},"excerpt":{"rendered":"<p>Nach einer Pause im letzten Jahr fuhren wir in der letzten Woche der Berliner Sommerferien wieder ins Trainingslager am H\u00f6lzernen<\/p>\n","protected":false},"author":3,"featured_media":0,"comment_status":"closed","ping_status":"closed","sticky":false,"template":"","format":"standard","meta":{"colormag_page_container_layout":"default_layout","colormag_page_sidebar_layout":"default_layout","ngg_post_thumbnail":0,"footnotes":""},"categories":[1],"tags":[],"class_list":["post-12428","post","type-post","status-publish","format-standard","hentry","category-sonstiges"],"_links":{"self":[{"href":"http:\/\/sv-luftfahrt-berlin.de\/index.php?rest_route=\/wp\/v2\/posts\/12428","targetHints":{"allow":["GET"]}}],"collection":[{"href":"http:\/\/sv-luftfahrt-berlin.de\/index.php?rest_route=\/wp\/v2\/posts"}],"about":[{"href":"http:\/\/sv-luftfahrt-berlin.de\/index.php?rest_route=\/wp\/v2\/types\/post"}],"author":[{"embeddable":true,"href":"http:\/\/sv-luftfahrt-berlin.de\/index.php?rest_route=\/wp\/v2\/users\/3"}],"replies":[{"embeddable":true,"href":"http:\/\/sv-luftfahrt-berlin.de\/index.php?rest_route=%2Fwp%2Fv2%2Fcomments&post=12428"}],"version-history":[{"count":2,"href":"http:\/\/sv-luftfahrt-berlin.de\/index.php?rest_route=\/wp\/v2\/posts\/12428\/revisions"}],"predecessor-version":[{"id":12431,"href":"http:\/\/sv-luftfahrt-berlin.de\/index.php?rest_route=\/wp\/v2\/posts\/12428\/revisions\/12431"}],"wp:attachment":[{"href":"http:\/\/sv-luftfahrt-berlin.de\/index.php?rest_route=%2Fwp%2Fv2%2Fmedia&parent=12428"}],"wp:term":[{"taxonomy":"category","embeddable":true,"href":"http:\/\/sv-luftfahrt-berlin.de\/index.php?rest_route=%2Fwp%2Fv2%2Fcategories&post=12428"},{"taxonomy":"post_tag","embeddable":true,"href":"http:\/\/sv-luftfahrt-berlin.de\/index.php?rest_route=%2Fwp%2Fv2%2Ftags&post=12428"}],"curies":[{"name":"wp","href":"https:\/\/api.w.org\/{rel}","templated":true}]}}