{"id":12766,"date":"2021-09-20T17:44:00","date_gmt":"2021-09-20T17:44:00","guid":{"rendered":"http:\/\/sv-luftfahrt-berlin.de\/?p=12766"},"modified":"2021-11-20T17:50:12","modified_gmt":"2021-11-20T17:50:12","slug":"klein-olympia-turnier-am-19-09-2021-in-adlershof","status":"publish","type":"post","link":"http:\/\/sv-luftfahrt-berlin.de\/?p=12766","title":{"rendered":"Klein Olympia Turnier am 19.09.2021 in Adlershof"},"content":{"rendered":"\n<p>Am 19.9.2021 nahmen wir nach langer Zeit wieder &nbsp;an einem Wettkampf teil. Gek\u00e4mpft wurde in gewichtsnahen Gruppen zu 4 Teilnehmern. Von unserem Verein nahmen 4 Sportler teil, f\u00fcr einig Sportler war es der erste Wettkampf. Von den tollen K\u00e4mpfen und den super Platzierungen war ich begeistert, es war ein sch\u00f6ner Wettkampf mit euch.<\/p>\n<ol>\n<li>Platz&nbsp;&nbsp; Jakob<\/li>\n<li>Platz&nbsp;&nbsp; Nele, Robert<\/li>\n<li>Platz&nbsp;&nbsp; Moritz<\/li>\n<\/ol>\n<p>Als Betreuer war Jan vor Ort.<\/p>\n<div id='gallery-1' class='gallery galleryid-12766 gallery-columns-3 gallery-size-colormag-featured-image'><figure class='gallery-item'>\n\t\t\t<div class='gallery-icon portrait'>\n\t\t\t\t<a href='http:\/\/sv-luftfahrt-berlin.de\/?attachment_id=12767'><img loading=\"lazy\" decoding=\"async\" width=\"334\" height=\"445\" src=\"http:\/\/sv-luftfahrt-berlin.de\/wp-content\/uploads\/2021\/11\/PHOTO-2021-09-23-19-53-09a.jpg\" class=\"attachment-colormag-featured-image size-colormag-featured-image\" alt=\"\" srcset=\"http:\/\/sv-luftfahrt-berlin.de\/wp-content\/uploads\/2021\/11\/PHOTO-2021-09-23-19-53-09a.jpg 1536w, http:\/\/sv-luftfahrt-berlin.de\/wp-content\/uploads\/2021\/11\/PHOTO-2021-09-23-19-53-09a-225x300.jpg 225w, http:\/\/sv-luftfahrt-berlin.de\/wp-content\/uploads\/2021\/11\/PHOTO-2021-09-23-19-53-09a-768x1024.jpg 768w, http:\/\/sv-luftfahrt-berlin.de\/wp-content\/uploads\/2021\/11\/PHOTO-2021-09-23-19-53-09a-1152x1536.jpg 1152w\" sizes=\"auto, (max-width: 334px) 100vw, 334px\" \/><\/a>\n\t\t\t<\/div><\/figure><figure class='gallery-item'>\n\t\t\t<div class='gallery-icon portrait'>\n\t\t\t\t<a href='http:\/\/sv-luftfahrt-berlin.de\/?attachment_id=12768'><img loading=\"lazy\" decoding=\"async\" width=\"334\" height=\"445\" src=\"http:\/\/sv-luftfahrt-berlin.de\/wp-content\/uploads\/2021\/11\/PHOTO-2021-09-23-19-53-10.jpg\" class=\"attachment-colormag-featured-image size-colormag-featured-image\" alt=\"\" srcset=\"http:\/\/sv-luftfahrt-berlin.de\/wp-content\/uploads\/2021\/11\/PHOTO-2021-09-23-19-53-10.jpg 1536w, http:\/\/sv-luftfahrt-berlin.de\/wp-content\/uploads\/2021\/11\/PHOTO-2021-09-23-19-53-10-225x300.jpg 225w, http:\/\/sv-luftfahrt-berlin.de\/wp-content\/uploads\/2021\/11\/PHOTO-2021-09-23-19-53-10-768x1024.jpg 768w, http:\/\/sv-luftfahrt-berlin.de\/wp-content\/uploads\/2021\/11\/PHOTO-2021-09-23-19-53-10-1152x1536.jpg 1152w\" sizes=\"auto, (max-width: 334px) 100vw, 334px\" \/><\/a>\n\t\t\t<\/div><\/figure><figure class='gallery-item'>\n\t\t\t<div class='gallery-icon portrait'>\n\t\t\t\t<a href='http:\/\/sv-luftfahrt-berlin.de\/?attachment_id=12769'><img loading=\"lazy\" decoding=\"async\" width=\"334\" height=\"445\" src=\"http:\/\/sv-luftfahrt-berlin.de\/wp-content\/uploads\/2021\/11\/PHOTO-2021-09-23-19-53-10a.jpg\" class=\"attachment-colormag-featured-image size-colormag-featured-image\" alt=\"\" srcset=\"http:\/\/sv-luftfahrt-berlin.de\/wp-content\/uploads\/2021\/11\/PHOTO-2021-09-23-19-53-10a.jpg 1536w, http:\/\/sv-luftfahrt-berlin.de\/wp-content\/uploads\/2021\/11\/PHOTO-2021-09-23-19-53-10a-225x300.jpg 225w, http:\/\/sv-luftfahrt-berlin.de\/wp-content\/uploads\/2021\/11\/PHOTO-2021-09-23-19-53-10a-768x1024.jpg 768w, http:\/\/sv-luftfahrt-berlin.de\/wp-content\/uploads\/2021\/11\/PHOTO-2021-09-23-19-53-10a-1152x1536.jpg 1152w\" sizes=\"auto, (max-width: 334px) 100vw, 334px\" \/><\/a>\n\t\t\t<\/div><\/figure><figure class='gallery-item'>\n\t\t\t<div class='gallery-icon portrait'>\n\t\t\t\t<a href='http:\/\/sv-luftfahrt-berlin.de\/?attachment_id=12770'><img loading=\"lazy\" decoding=\"async\" width=\"334\" height=\"445\" src=\"http:\/\/sv-luftfahrt-berlin.de\/wp-content\/uploads\/2021\/11\/PHOTO-2021-09-23-19-53-10b.jpg\" class=\"attachment-colormag-featured-image size-colormag-featured-image\" alt=\"\" srcset=\"http:\/\/sv-luftfahrt-berlin.de\/wp-content\/uploads\/2021\/11\/PHOTO-2021-09-23-19-53-10b.jpg 1536w, http:\/\/sv-luftfahrt-berlin.de\/wp-content\/uploads\/2021\/11\/PHOTO-2021-09-23-19-53-10b-225x300.jpg 225w, http:\/\/sv-luftfahrt-berlin.de\/wp-content\/uploads\/2021\/11\/PHOTO-2021-09-23-19-53-10b-768x1024.jpg 768w, http:\/\/sv-luftfahrt-berlin.de\/wp-content\/uploads\/2021\/11\/PHOTO-2021-09-23-19-53-10b-1152x1536.jpg 1152w\" sizes=\"auto, (max-width: 334px) 100vw, 334px\" \/><\/a>\n\t\t\t<\/div><\/figure><figure class='gallery-item'>\n\t\t\t<div class='gallery-icon portrait'>\n\t\t\t\t<a href='http:\/\/sv-luftfahrt-berlin.de\/?attachment_id=12771'><img loading=\"lazy\" decoding=\"async\" width=\"334\" height=\"445\" src=\"http:\/\/sv-luftfahrt-berlin.de\/wp-content\/uploads\/2021\/11\/PHOTO-2021-09-23-19-53-11.jpg\" class=\"attachment-colormag-featured-image size-colormag-featured-image\" alt=\"\" srcset=\"http:\/\/sv-luftfahrt-berlin.de\/wp-content\/uploads\/2021\/11\/PHOTO-2021-09-23-19-53-11.jpg 1536w, http:\/\/sv-luftfahrt-berlin.de\/wp-content\/uploads\/2021\/11\/PHOTO-2021-09-23-19-53-11-225x300.jpg 225w, http:\/\/sv-luftfahrt-berlin.de\/wp-content\/uploads\/2021\/11\/PHOTO-2021-09-23-19-53-11-768x1024.jpg 768w, http:\/\/sv-luftfahrt-berlin.de\/wp-content\/uploads\/2021\/11\/PHOTO-2021-09-23-19-53-11-1152x1536.jpg 1152w\" sizes=\"auto, (max-width: 334px) 100vw, 334px\" \/><\/a>\n\t\t\t<\/div><\/figure><figure class='gallery-item'>\n\t\t\t<div class='gallery-icon portrait'>\n\t\t\t\t<a href='http:\/\/sv-luftfahrt-berlin.de\/?attachment_id=12772'><img loading=\"lazy\" decoding=\"async\" width=\"334\" height=\"445\" src=\"http:\/\/sv-luftfahrt-berlin.de\/wp-content\/uploads\/2021\/11\/PHOTO-2021-09-23-19-53-11a.jpg\" class=\"attachment-colormag-featured-image size-colormag-featured-image\" alt=\"\" srcset=\"http:\/\/sv-luftfahrt-berlin.de\/wp-content\/uploads\/2021\/11\/PHOTO-2021-09-23-19-53-11a.jpg 1536w, http:\/\/sv-luftfahrt-berlin.de\/wp-content\/uploads\/2021\/11\/PHOTO-2021-09-23-19-53-11a-225x300.jpg 225w, http:\/\/sv-luftfahrt-berlin.de\/wp-content\/uploads\/2021\/11\/PHOTO-2021-09-23-19-53-11a-768x1024.jpg 768w, http:\/\/sv-luftfahrt-berlin.de\/wp-content\/uploads\/2021\/11\/PHOTO-2021-09-23-19-53-11a-1152x1536.jpg 1152w\" sizes=\"auto, (max-width: 334px) 100vw, 334px\" \/><\/a>\n\t\t\t<\/div><\/figure><figure class='gallery-item'>\n\t\t\t<div class='gallery-icon portrait'>\n\t\t\t\t<a href='http:\/\/sv-luftfahrt-berlin.de\/?attachment_id=12773'><img loading=\"lazy\" decoding=\"async\" width=\"334\" height=\"445\" src=\"http:\/\/sv-luftfahrt-berlin.de\/wp-content\/uploads\/2021\/11\/PHOTO-2021-09-23-19-53-11b.jpg\" class=\"attachment-colormag-featured-image size-colormag-featured-image\" alt=\"\" srcset=\"http:\/\/sv-luftfahrt-berlin.de\/wp-content\/uploads\/2021\/11\/PHOTO-2021-09-23-19-53-11b.jpg 1536w, http:\/\/sv-luftfahrt-berlin.de\/wp-content\/uploads\/2021\/11\/PHOTO-2021-09-23-19-53-11b-225x300.jpg 225w, http:\/\/sv-luftfahrt-berlin.de\/wp-content\/uploads\/2021\/11\/PHOTO-2021-09-23-19-53-11b-768x1024.jpg 768w, http:\/\/sv-luftfahrt-berlin.de\/wp-content\/uploads\/2021\/11\/PHOTO-2021-09-23-19-53-11b-1152x1536.jpg 1152w\" sizes=\"auto, (max-width: 334px) 100vw, 334px\" \/><\/a>\n\t\t\t<\/div><\/figure>\n\t\t<\/div>\n\n","protected":false},"excerpt":{"rendered":"<p>Am 19.9.2021 nahmen wir nach langer Zeit wieder &nbsp;an einem Wettkampf teil. Gek\u00e4mpft wurde in gewichtsnahen Gruppen zu 4 Teilnehmern.<\/p>\n","protected":false},"author":1,"featured_media":0,"comment_status":"closed","ping_status":"closed","sticky":false,"template":"","format":"standard","meta":{"colormag_page_container_layout":"default_layout","colormag_page_sidebar_layout":"default_layout","ngg_post_thumbnail":0,"footnotes":""},"categories":[1],"tags":[],"class_list":["post-12766","post","type-post","status-publish","format-standard","hentry","category-sonstiges"],"_links":{"self":[{"href":"http:\/\/sv-luftfahrt-berlin.de\/index.php?rest_route=\/wp\/v2\/posts\/12766","targetHints":{"allow":["GET"]}}],"collection":[{"href":"http:\/\/sv-luftfahrt-berlin.de\/index.php?rest_route=\/wp\/v2\/posts"}],"about":[{"href":"http:\/\/sv-luftfahrt-berlin.de\/index.php?rest_route=\/wp\/v2\/types\/post"}],"author":[{"embeddable":true,"href":"http:\/\/sv-luftfahrt-berlin.de\/index.php?rest_route=\/wp\/v2\/users\/1"}],"replies":[{"embeddable":true,"href":"http:\/\/sv-luftfahrt-berlin.de\/index.php?rest_route=%2Fwp%2Fv2%2Fcomments&post=12766"}],"version-history":[{"count":1,"href":"http:\/\/sv-luftfahrt-berlin.de\/index.php?rest_route=\/wp\/v2\/posts\/12766\/revisions"}],"predecessor-version":[{"id":12774,"href":"http:\/\/sv-luftfahrt-berlin.de\/index.php?rest_route=\/wp\/v2\/posts\/12766\/revisions\/12774"}],"wp:attachment":[{"href":"http:\/\/sv-luftfahrt-berlin.de\/index.php?rest_route=%2Fwp%2Fv2%2Fmedia&parent=12766"}],"wp:term":[{"taxonomy":"category","embeddable":true,"href":"http:\/\/sv-luftfahrt-berlin.de\/index.php?rest_route=%2Fwp%2Fv2%2Fcategories&post=12766"},{"taxonomy":"post_tag","embeddable":true,"href":"http:\/\/sv-luftfahrt-berlin.de\/index.php?rest_route=%2Fwp%2Fv2%2Ftags&post=12766"}],"curies":[{"name":"wp","href":"https:\/\/api.w.org\/{rel}","templated":true}]}}