{"id":12824,"date":"2022-04-19T14:36:37","date_gmt":"2022-04-19T14:36:37","guid":{"rendered":"http:\/\/sv-luftfahrt-berlin.de\/?p=12824"},"modified":"2022-04-19T14:36:38","modified_gmt":"2022-04-19T14:36:38","slug":"erstes-turnier-in-2022-fruehjahrsturnier-beim-psv-olympia","status":"publish","type":"post","link":"http:\/\/sv-luftfahrt-berlin.de\/?p=12824","title":{"rendered":"Erstes Turnier in 2022 &#8211; Fr\u00fchjahrsturnier beim PSV Olympia"},"content":{"rendered":"\n<p>Max und Robert nahmen am Fr\u00fchjahrsturnier des PSV Olympia teil. F\u00fcr Max war es sein erster Wettkampf. Die Wettk\u00e4mpfe wurden in gewichtsnahen Gruppen zu je 4 Teilnehmern durchgef\u00fchrt . Beide konnten alle 3 K\u00e4mpfe gewinnen und belegten den 1. Platz.<\/p>\n<p>Herzlichen Gl\u00fcckwunsch.<\/p>\n<p><a href=\"http:\/\/sv-luftfahrt-berlin.de\/wp-content\/uploads\/2022\/04\/PHOTO-2022-03-24-08-18-57.jpg\"><img loading=\"lazy\" decoding=\"async\" class=\"alignleft wp-image-12826 size-medium\" src=\"http:\/\/sv-luftfahrt-berlin.de\/wp-content\/uploads\/2022\/04\/PHOTO-2022-03-24-08-18-57-224x300.jpg\" alt=\"\" width=\"224\" height=\"300\" srcset=\"http:\/\/sv-luftfahrt-berlin.de\/wp-content\/uploads\/2022\/04\/PHOTO-2022-03-24-08-18-57-224x300.jpg 224w, http:\/\/sv-luftfahrt-berlin.de\/wp-content\/uploads\/2022\/04\/PHOTO-2022-03-24-08-18-57-766x1024.jpg 766w, http:\/\/sv-luftfahrt-berlin.de\/wp-content\/uploads\/2022\/04\/PHOTO-2022-03-24-08-18-57-768x1027.jpg 768w, http:\/\/sv-luftfahrt-berlin.de\/wp-content\/uploads\/2022\/04\/PHOTO-2022-03-24-08-18-57-1149x1536.jpg 1149w, http:\/\/sv-luftfahrt-berlin.de\/wp-content\/uploads\/2022\/04\/PHOTO-2022-03-24-08-18-57.jpg 1197w\" sizes=\"auto, (max-width: 224px) 100vw, 224px\" \/><\/a> <a href=\"http:\/\/sv-luftfahrt-berlin.de\/wp-content\/uploads\/2022\/04\/PHOTO-2022-03-24-08-19-17.jpg\"><img loading=\"lazy\" decoding=\"async\" class=\"alignleft wp-image-12827 size-medium\" src=\"http:\/\/sv-luftfahrt-berlin.de\/wp-content\/uploads\/2022\/04\/PHOTO-2022-03-24-08-19-17-224x300.jpg\" alt=\"\" width=\"224\" height=\"300\" srcset=\"http:\/\/sv-luftfahrt-berlin.de\/wp-content\/uploads\/2022\/04\/PHOTO-2022-03-24-08-19-17-224x300.jpg 224w, http:\/\/sv-luftfahrt-berlin.de\/wp-content\/uploads\/2022\/04\/PHOTO-2022-03-24-08-19-17-766x1024.jpg 766w, http:\/\/sv-luftfahrt-berlin.de\/wp-content\/uploads\/2022\/04\/PHOTO-2022-03-24-08-19-17-768x1027.jpg 768w, http:\/\/sv-luftfahrt-berlin.de\/wp-content\/uploads\/2022\/04\/PHOTO-2022-03-24-08-19-17-1149x1536.jpg 1149w, http:\/\/sv-luftfahrt-berlin.de\/wp-content\/uploads\/2022\/04\/PHOTO-2022-03-24-08-19-17.jpg 1197w\" sizes=\"auto, (max-width: 224px) 100vw, 224px\" \/><\/a><\/p>\n","protected":false},"excerpt":{"rendered":"<p>Max und Robert nahmen am Fr\u00fchjahrsturnier des PSV Olympia teil. F\u00fcr Max war es sein erster Wettkampf. Die Wettk\u00e4mpfe wurden<\/p>\n","protected":false},"author":1,"featured_media":12827,"comment_status":"closed","ping_status":"closed","sticky":false,"template":"","format":"standard","meta":{"colormag_page_container_layout":"default_layout","colormag_page_sidebar_layout":"default_layout","ngg_post_thumbnail":0,"footnotes":""},"categories":[1],"tags":[],"class_list":["post-12824","post","type-post","status-publish","format-standard","has-post-thumbnail","hentry","category-sonstiges"],"_links":{"self":[{"href":"http:\/\/sv-luftfahrt-berlin.de\/index.php?rest_route=\/wp\/v2\/posts\/12824","targetHints":{"allow":["GET"]}}],"collection":[{"href":"http:\/\/sv-luftfahrt-berlin.de\/index.php?rest_route=\/wp\/v2\/posts"}],"about":[{"href":"http:\/\/sv-luftfahrt-berlin.de\/index.php?rest_route=\/wp\/v2\/types\/post"}],"author":[{"embeddable":true,"href":"http:\/\/sv-luftfahrt-berlin.de\/index.php?rest_route=\/wp\/v2\/users\/1"}],"replies":[{"embeddable":true,"href":"http:\/\/sv-luftfahrt-berlin.de\/index.php?rest_route=%2Fwp%2Fv2%2Fcomments&post=12824"}],"version-history":[{"count":1,"href":"http:\/\/sv-luftfahrt-berlin.de\/index.php?rest_route=\/wp\/v2\/posts\/12824\/revisions"}],"predecessor-version":[{"id":12828,"href":"http:\/\/sv-luftfahrt-berlin.de\/index.php?rest_route=\/wp\/v2\/posts\/12824\/revisions\/12828"}],"wp:featuredmedia":[{"embeddable":true,"href":"http:\/\/sv-luftfahrt-berlin.de\/index.php?rest_route=\/wp\/v2\/media\/12827"}],"wp:attachment":[{"href":"http:\/\/sv-luftfahrt-berlin.de\/index.php?rest_route=%2Fwp%2Fv2%2Fmedia&parent=12824"}],"wp:term":[{"taxonomy":"category","embeddable":true,"href":"http:\/\/sv-luftfahrt-berlin.de\/index.php?rest_route=%2Fwp%2Fv2%2Fcategories&post=12824"},{"taxonomy":"post_tag","embeddable":true,"href":"http:\/\/sv-luftfahrt-berlin.de\/index.php?rest_route=%2Fwp%2Fv2%2Ftags&post=12824"}],"curies":[{"name":"wp","href":"https:\/\/api.w.org\/{rel}","templated":true}]}}