{"id":13375,"date":"2023-05-14T19:04:27","date_gmt":"2023-05-14T19:04:27","guid":{"rendered":"http:\/\/sv-luftfahrt-berlin.de\/?p=13375"},"modified":"2023-08-15T10:22:57","modified_gmt":"2023-08-15T10:22:57","slug":"06-05-2023-gallia-turnier","status":"publish","type":"post","link":"http:\/\/sv-luftfahrt-berlin.de\/?p=13375","title":{"rendered":"06.05.2023 Gallia Turnier"},"content":{"rendered":"\n<p>Gallneukirchen, \u00d6sterreich, da sind wir der Gr\u00f6\u00dfte gleich&#8230; Oder so war das doch &#x1fa97; &#x1f3b5;<\/p>\n<p>Am Wochenende vom 5.-7. Mai haben wir unsere traditionelle Wettkampffahrt nach \u00d6sterreich angetreten. Mit insgesamt 16 Teilnehmer*innen sind wir am Freitag gegen 18 Uhr in Gallneukirchen angekommen. Am Samstag stand dann das Turnier auf dem Programm. Dabei traten zehn unserer Judoka an. Ebenfalls waren auch drei Kampfrichter und drei Fans dabei. Am Ende des Gerald-Eidenberger-Gedenkturnier standen folgende Platzierungen fest:<\/p>\n<p>Nele: 1. Platz (u16), 1. Platz (u18)<br>Maya: 2. Platz<br>Leon: 2. Platz<br>Nick: 2. Platz<br>Charlotte: 2. Platz<br>Oliver: 3. Platz<\/p>\n<p>Leider ohne Platzierung blieben Alex, Ben, Jakob und Milan.<\/p>\n<p>Durch die tollen Ergebnisse hatte es ebenfalls f\u00fcr einen 4. Platz in der Mannschaftswertung gereicht. Nach dem Wettkampf kehrten wir noch im &#8222;Riepl&#8220; ein und konnten den Abend mit unseren Freunden aus Gallneukirchen ausklingen lassen. Es war wie immer die lange Anreise wert und wir sehen uns im November beim Luftfahrt Masters!<\/p>\n\n\n\n<figure class=\"wp-block-image size-large is-resized\"><a href=\"http:\/\/sv-luftfahrt-berlin.de\/wp-content\/uploads\/2023\/05\/WhatsApp-Image-2023-05-14-at-20.48.13.jpeg\"><img loading=\"lazy\" decoding=\"async\" src=\"http:\/\/sv-luftfahrt-berlin.de\/wp-content\/uploads\/2023\/05\/WhatsApp-Image-2023-05-14-at-20.48.13-1024x1024.jpeg\" alt=\"\" class=\"wp-image-13377\" style=\"width:616px;height:616px\" width=\"616\" height=\"616\" srcset=\"http:\/\/sv-luftfahrt-berlin.de\/wp-content\/uploads\/2023\/05\/WhatsApp-Image-2023-05-14-at-20.48.13-1024x1024.jpeg 1024w, http:\/\/sv-luftfahrt-berlin.de\/wp-content\/uploads\/2023\/05\/WhatsApp-Image-2023-05-14-at-20.48.13-300x300.jpeg 300w, http:\/\/sv-luftfahrt-berlin.de\/wp-content\/uploads\/2023\/05\/WhatsApp-Image-2023-05-14-at-20.48.13-150x150.jpeg 150w, http:\/\/sv-luftfahrt-berlin.de\/wp-content\/uploads\/2023\/05\/WhatsApp-Image-2023-05-14-at-20.48.13-768x768.jpeg 768w, http:\/\/sv-luftfahrt-berlin.de\/wp-content\/uploads\/2023\/05\/WhatsApp-Image-2023-05-14-at-20.48.13.jpeg 1440w\" sizes=\"auto, (max-width: 616px) 100vw, 616px\" \/><\/a><\/figure>\n","protected":false},"excerpt":{"rendered":"<p>Am Wochenende vom 5.-7. Mai haben wir unsere traditionelle Wettkampffahrt nach \u00d6sterreich angetreten.<\/p>\n","protected":false},"author":3,"featured_media":13377,"comment_status":"closed","ping_status":"closed","sticky":false,"template":"","format":"standard","meta":{"colormag_page_container_layout":"default_layout","colormag_page_sidebar_layout":"default_layout","ngg_post_thumbnail":0,"footnotes":""},"categories":[2],"tags":[],"class_list":["post-13375","post","type-post","status-publish","format-standard","has-post-thumbnail","hentry","category-news"],"_links":{"self":[{"href":"http:\/\/sv-luftfahrt-berlin.de\/index.php?rest_route=\/wp\/v2\/posts\/13375","targetHints":{"allow":["GET"]}}],"collection":[{"href":"http:\/\/sv-luftfahrt-berlin.de\/index.php?rest_route=\/wp\/v2\/posts"}],"about":[{"href":"http:\/\/sv-luftfahrt-berlin.de\/index.php?rest_route=\/wp\/v2\/types\/post"}],"author":[{"embeddable":true,"href":"http:\/\/sv-luftfahrt-berlin.de\/index.php?rest_route=\/wp\/v2\/users\/3"}],"replies":[{"embeddable":true,"href":"http:\/\/sv-luftfahrt-berlin.de\/index.php?rest_route=%2Fwp%2Fv2%2Fcomments&post=13375"}],"version-history":[{"count":2,"href":"http:\/\/sv-luftfahrt-berlin.de\/index.php?rest_route=\/wp\/v2\/posts\/13375\/revisions"}],"predecessor-version":[{"id":13470,"href":"http:\/\/sv-luftfahrt-berlin.de\/index.php?rest_route=\/wp\/v2\/posts\/13375\/revisions\/13470"}],"wp:featuredmedia":[{"embeddable":true,"href":"http:\/\/sv-luftfahrt-berlin.de\/index.php?rest_route=\/wp\/v2\/media\/13377"}],"wp:attachment":[{"href":"http:\/\/sv-luftfahrt-berlin.de\/index.php?rest_route=%2Fwp%2Fv2%2Fmedia&parent=13375"}],"wp:term":[{"taxonomy":"category","embeddable":true,"href":"http:\/\/sv-luftfahrt-berlin.de\/index.php?rest_route=%2Fwp%2Fv2%2Fcategories&post=13375"},{"taxonomy":"post_tag","embeddable":true,"href":"http:\/\/sv-luftfahrt-berlin.de\/index.php?rest_route=%2Fwp%2Fv2%2Ftags&post=13375"}],"curies":[{"name":"wp","href":"https:\/\/api.w.org\/{rel}","templated":true}]}}