{"id":13486,"date":"2023-09-07T19:06:49","date_gmt":"2023-09-07T19:06:49","guid":{"rendered":"http:\/\/sv-luftfahrt-berlin.de\/?p=13486"},"modified":"2023-10-08T15:50:11","modified_gmt":"2023-10-08T15:50:11","slug":"trainingslager-2023","status":"publish","type":"post","link":"http:\/\/sv-luftfahrt-berlin.de\/?p=13486","title":{"rendered":"Trainingslager 2023"},"content":{"rendered":"\n<p>Wir haben in der letzten Woche der Berliner Sommerferien wieder ein Trainingslager am KiEZ H\u00f6lzerner See durchgef\u00fchrt. Bei bestem Sommerwetter gab es Judo, Baden, Sport, Spiel und Spa\u00df satt. <\/p>\n<p>Am letzten Tag wurden von unseren Pr\u00fcfern Jan und Niklas f\u00fcnf Pr\u00fcfungen erfolgreich abgenommen. Herzlichen Gl\u00fcckwunsch an Robert (&#x1f7e8;&#x1f7e7;), &#8230;, Milan (&#x1f7e7;&#x1f7e7;), Nele (&#x1f7e7;&#x1f7e9;), Felix (&#x1f7e7;&#x1f7e9;) und Michael (&#x1f7e7;&#x1f7e9;) !<\/p>\n<p>&nbsp;<\/p>\n","protected":false},"excerpt":{"rendered":"<p>Wir haben in der letzten Woche der Berliner Sommerferien wieder ein Trainingslager am KiEZ H\u00f6lzerner See durchgef\u00fchrt. Bei bestem Sommerwetter<\/p>\n","protected":false},"author":3,"featured_media":0,"comment_status":"closed","ping_status":"closed","sticky":false,"template":"","format":"standard","meta":{"colormag_page_container_layout":"default_layout","colormag_page_sidebar_layout":"default_layout","ngg_post_thumbnail":0,"footnotes":""},"categories":[2,1],"tags":[],"class_list":["post-13486","post","type-post","status-publish","format-standard","hentry","category-news","category-sonstiges"],"_links":{"self":[{"href":"http:\/\/sv-luftfahrt-berlin.de\/index.php?rest_route=\/wp\/v2\/posts\/13486","targetHints":{"allow":["GET"]}}],"collection":[{"href":"http:\/\/sv-luftfahrt-berlin.de\/index.php?rest_route=\/wp\/v2\/posts"}],"about":[{"href":"http:\/\/sv-luftfahrt-berlin.de\/index.php?rest_route=\/wp\/v2\/types\/post"}],"author":[{"embeddable":true,"href":"http:\/\/sv-luftfahrt-berlin.de\/index.php?rest_route=\/wp\/v2\/users\/3"}],"replies":[{"embeddable":true,"href":"http:\/\/sv-luftfahrt-berlin.de\/index.php?rest_route=%2Fwp%2Fv2%2Fcomments&post=13486"}],"version-history":[{"count":1,"href":"http:\/\/sv-luftfahrt-berlin.de\/index.php?rest_route=\/wp\/v2\/posts\/13486\/revisions"}],"predecessor-version":[{"id":13488,"href":"http:\/\/sv-luftfahrt-berlin.de\/index.php?rest_route=\/wp\/v2\/posts\/13486\/revisions\/13488"}],"wp:attachment":[{"href":"http:\/\/sv-luftfahrt-berlin.de\/index.php?rest_route=%2Fwp%2Fv2%2Fmedia&parent=13486"}],"wp:term":[{"taxonomy":"category","embeddable":true,"href":"http:\/\/sv-luftfahrt-berlin.de\/index.php?rest_route=%2Fwp%2Fv2%2Fcategories&post=13486"},{"taxonomy":"post_tag","embeddable":true,"href":"http:\/\/sv-luftfahrt-berlin.de\/index.php?rest_route=%2Fwp%2Fv2%2Ftags&post=13486"}],"curies":[{"name":"wp","href":"https:\/\/api.w.org\/{rel}","templated":true}]}}