{"id":13492,"date":"2023-09-12T03:51:04","date_gmt":"2023-09-12T03:51:04","guid":{"rendered":"http:\/\/sv-luftfahrt-berlin.de\/?p=13492"},"modified":"2023-10-08T15:50:06","modified_gmt":"2023-10-08T15:50:06","slug":"09-09-2023-mitternachtsturnier-in-zerbst","status":"publish","type":"post","link":"http:\/\/sv-luftfahrt-berlin.de\/?p=13492","title":{"rendered":"09.09.2023 Mitternachtsturnier in Zerbst"},"content":{"rendered":"\n<p>Wir waren mit unseren \u00c4lteren am Samstag beim Mitternachtsturnier in Anhalt-Zerbst. Dabei waren sechs K\u00e4mpfer, ein Kampfrichter (Jan) und eine zwei Personen Fanbase (Ronny und Andy) \ud83d\ude09<\/p>\n<p>Angefangen hat Felix in der U18. Er hatte vier K\u00e4mpfe in einem Einzelpool, konnte davon drei K\u00e4mpfe gewinnen und wurde somit 2. Platz. In der offenen Klasse k\u00e4mpften John, Jakob, Alex, Tom und Leon. John konnte vier von f\u00fcnf K\u00e4mpfen f\u00fcr sich entscheiden und wurde somit 2. Platz. Tom hatte ebenfalls f\u00fcnf K\u00e4mpfe, musste sich nur im Finale geschlagen geben und war somit auch 2.Platz. Alex und Jakob waren beide in einer Gewichtsklasse und trafen im Kampf um Platz 3 aufeinander, welchen Jakob f\u00fcr sich entscheiden konnte. Leon hatte zwei K\u00e4mpfe, konnte beide gewinnen und erreichte somit den 1. Platz.<\/p>\n<p>Trotz einiger Verz\u00f6gerungen bei der Listenerstellung und -f\u00fchrung war es ein guter Wettkampf! Vielen Dank f\u00fcr die Mitfahrgelegenheiten.<\/p>\n","protected":false},"excerpt":{"rendered":"<p>Wir waren mit unseren \u00c4lteren am Samstag beim Mitternachtsturnier in Anhalt-Zerbst. Dabei waren sechs K\u00e4mpfer, ein Kampfrichter (Jan) und eine<\/p>\n","protected":false},"author":3,"featured_media":0,"comment_status":"closed","ping_status":"closed","sticky":false,"template":"","format":"standard","meta":{"colormag_page_container_layout":"default_layout","colormag_page_sidebar_layout":"default_layout","ngg_post_thumbnail":0,"footnotes":""},"categories":[2,1],"tags":[],"class_list":["post-13492","post","type-post","status-publish","format-standard","hentry","category-news","category-sonstiges"],"_links":{"self":[{"href":"http:\/\/sv-luftfahrt-berlin.de\/index.php?rest_route=\/wp\/v2\/posts\/13492","targetHints":{"allow":["GET"]}}],"collection":[{"href":"http:\/\/sv-luftfahrt-berlin.de\/index.php?rest_route=\/wp\/v2\/posts"}],"about":[{"href":"http:\/\/sv-luftfahrt-berlin.de\/index.php?rest_route=\/wp\/v2\/types\/post"}],"author":[{"embeddable":true,"href":"http:\/\/sv-luftfahrt-berlin.de\/index.php?rest_route=\/wp\/v2\/users\/3"}],"replies":[{"embeddable":true,"href":"http:\/\/sv-luftfahrt-berlin.de\/index.php?rest_route=%2Fwp%2Fv2%2Fcomments&post=13492"}],"version-history":[{"count":3,"href":"http:\/\/sv-luftfahrt-berlin.de\/index.php?rest_route=\/wp\/v2\/posts\/13492\/revisions"}],"predecessor-version":[{"id":13499,"href":"http:\/\/sv-luftfahrt-berlin.de\/index.php?rest_route=\/wp\/v2\/posts\/13492\/revisions\/13499"}],"wp:attachment":[{"href":"http:\/\/sv-luftfahrt-berlin.de\/index.php?rest_route=%2Fwp%2Fv2%2Fmedia&parent=13492"}],"wp:term":[{"taxonomy":"category","embeddable":true,"href":"http:\/\/sv-luftfahrt-berlin.de\/index.php?rest_route=%2Fwp%2Fv2%2Fcategories&post=13492"},{"taxonomy":"post_tag","embeddable":true,"href":"http:\/\/sv-luftfahrt-berlin.de\/index.php?rest_route=%2Fwp%2Fv2%2Ftags&post=13492"}],"curies":[{"name":"wp","href":"https:\/\/api.w.org\/{rel}","templated":true}]}}