{"id":13494,"date":"2023-09-11T19:43:13","date_gmt":"2023-09-11T19:43:13","guid":{"rendered":"http:\/\/sv-luftfahrt-berlin.de\/?p=13494"},"modified":"2023-09-12T03:51:28","modified_gmt":"2023-09-12T03:51:28","slug":"10-09-2023-kuechenpokal-in-babelsberg","status":"publish","type":"post","link":"http:\/\/sv-luftfahrt-berlin.de\/?p=13494","title":{"rendered":"10.09.2023 K\u00fcchenpokal in Babelsberg"},"content":{"rendered":"\n<p>Am 10.09. waren Niklas und Nele beim internationalen 1-2-3 K\u00fcchencup in Babelsberg. Das gut besuchte Turnier hatte ein gutes Niveau. Nele fand sich in ihrer Gewichtsklasse mit acht Kontrahentinnen wieder. Ihre ersten beiden K\u00e4mpfe konnte sie bereits nach wenigen Sekunden f\u00fcr sich entscheiden. Im Finale konnte sie dann ebenfalls rasch durch einen Tani-otoshi den Kampf f\u00fcr sich entscheiden.<\/p>\n<p>Herzlichen Gl\u00fcckwunsch Nele und vielen Dank Niklas f\u00fcr den Einsatz am Mattenrand!<\/p>\n\n\n\n<figure class=\"wp-block-image size-large is-resized\"><a href=\"http:\/\/sv-luftfahrt-berlin.de\/wp-content\/uploads\/2023\/09\/WhatsApp-Image-2023-09-10-at-19.48.39.jpeg\"><img loading=\"lazy\" decoding=\"async\" src=\"http:\/\/sv-luftfahrt-berlin.de\/wp-content\/uploads\/2023\/09\/WhatsApp-Image-2023-09-10-at-19.48.39-edited.jpeg\" alt=\"K\u00fcchencup 2023, Nele mit Medaille\" class=\"wp-image-13496\" style=\"object-fit:cover;width:500px;height:500px\" width=\"500\" height=\"500\" srcset=\"http:\/\/sv-luftfahrt-berlin.de\/wp-content\/uploads\/2023\/09\/WhatsApp-Image-2023-09-10-at-19.48.39-edited.jpeg 900w, http:\/\/sv-luftfahrt-berlin.de\/wp-content\/uploads\/2023\/09\/WhatsApp-Image-2023-09-10-at-19.48.39-edited-300x300.jpeg 300w, http:\/\/sv-luftfahrt-berlin.de\/wp-content\/uploads\/2023\/09\/WhatsApp-Image-2023-09-10-at-19.48.39-edited-150x150.jpeg 150w, http:\/\/sv-luftfahrt-berlin.de\/wp-content\/uploads\/2023\/09\/WhatsApp-Image-2023-09-10-at-19.48.39-edited-768x768.jpeg 768w\" sizes=\"auto, (max-width: 500px) 100vw, 500px\" \/><\/a><\/figure>\n","protected":false},"excerpt":{"rendered":"<p>Am 10.09. waren Niklas und Nele beim internationalen 1-2-3 K\u00fcchencup in Babelsberg. Das gut besuchte Turnier hatte ein gutes Niveau.<\/p>\n","protected":false},"author":3,"featured_media":0,"comment_status":"closed","ping_status":"closed","sticky":false,"template":"","format":"standard","meta":{"colormag_page_container_layout":"default_layout","colormag_page_sidebar_layout":"default_layout","ngg_post_thumbnail":0,"footnotes":""},"categories":[2],"tags":[],"class_list":["post-13494","post","type-post","status-publish","format-standard","hentry","category-news"],"_links":{"self":[{"href":"http:\/\/sv-luftfahrt-berlin.de\/index.php?rest_route=\/wp\/v2\/posts\/13494","targetHints":{"allow":["GET"]}}],"collection":[{"href":"http:\/\/sv-luftfahrt-berlin.de\/index.php?rest_route=\/wp\/v2\/posts"}],"about":[{"href":"http:\/\/sv-luftfahrt-berlin.de\/index.php?rest_route=\/wp\/v2\/types\/post"}],"author":[{"embeddable":true,"href":"http:\/\/sv-luftfahrt-berlin.de\/index.php?rest_route=\/wp\/v2\/users\/3"}],"replies":[{"embeddable":true,"href":"http:\/\/sv-luftfahrt-berlin.de\/index.php?rest_route=%2Fwp%2Fv2%2Fcomments&post=13494"}],"version-history":[{"count":2,"href":"http:\/\/sv-luftfahrt-berlin.de\/index.php?rest_route=\/wp\/v2\/posts\/13494\/revisions"}],"predecessor-version":[{"id":13500,"href":"http:\/\/sv-luftfahrt-berlin.de\/index.php?rest_route=\/wp\/v2\/posts\/13494\/revisions\/13500"}],"wp:attachment":[{"href":"http:\/\/sv-luftfahrt-berlin.de\/index.php?rest_route=%2Fwp%2Fv2%2Fmedia&parent=13494"}],"wp:term":[{"taxonomy":"category","embeddable":true,"href":"http:\/\/sv-luftfahrt-berlin.de\/index.php?rest_route=%2Fwp%2Fv2%2Fcategories&post=13494"},{"taxonomy":"post_tag","embeddable":true,"href":"http:\/\/sv-luftfahrt-berlin.de\/index.php?rest_route=%2Fwp%2Fv2%2Ftags&post=13494"}],"curies":[{"name":"wp","href":"https:\/\/api.w.org\/{rel}","templated":true}]}}