{"id":13520,"date":"2023-09-17T19:38:11","date_gmt":"2023-09-17T19:38:11","guid":{"rendered":"http:\/\/sv-luftfahrt-berlin.de\/?p=13520"},"modified":"2023-10-08T15:49:58","modified_gmt":"2023-10-08T15:49:58","slug":"08-09-2023-sommerfest","status":"publish","type":"post","link":"http:\/\/sv-luftfahrt-berlin.de\/?p=13520","title":{"rendered":"08.09.2023 Sommerfest"},"content":{"rendered":"\n<p>Wir haben nach einj\u00e4hriger Pause wieder unser gemeinschaftliches Sommerfest veranstalten k\u00f6nnen. Stattgefunden hat das ganze am 8. September auf dem Schulgel\u00e4nde unseres Dojos an der Karlshorster Grundschule. Wir haben uns sehr gefreut, dass trotz sehr kurzfristiger Ank\u00fcndigung so viele Vereinsmitglieder und deren Familien mit dabei waren!<\/p>\n","protected":false},"excerpt":{"rendered":"<p>Wir haben nach einj\u00e4hriger Pause wieder unser gemeinschaftliches Sommerfest veranstalten k\u00f6nnen. Stattgefunden hat das ganze am 8. September auf dem<\/p>\n","protected":false},"author":3,"featured_media":0,"comment_status":"closed","ping_status":"closed","sticky":false,"template":"","format":"standard","meta":{"colormag_page_container_layout":"default_layout","colormag_page_sidebar_layout":"default_layout","ngg_post_thumbnail":0,"footnotes":""},"categories":[2,1],"tags":[],"class_list":["post-13520","post","type-post","status-publish","format-standard","hentry","category-news","category-sonstiges"],"_links":{"self":[{"href":"http:\/\/sv-luftfahrt-berlin.de\/index.php?rest_route=\/wp\/v2\/posts\/13520","targetHints":{"allow":["GET"]}}],"collection":[{"href":"http:\/\/sv-luftfahrt-berlin.de\/index.php?rest_route=\/wp\/v2\/posts"}],"about":[{"href":"http:\/\/sv-luftfahrt-berlin.de\/index.php?rest_route=\/wp\/v2\/types\/post"}],"author":[{"embeddable":true,"href":"http:\/\/sv-luftfahrt-berlin.de\/index.php?rest_route=\/wp\/v2\/users\/3"}],"replies":[{"embeddable":true,"href":"http:\/\/sv-luftfahrt-berlin.de\/index.php?rest_route=%2Fwp%2Fv2%2Fcomments&post=13520"}],"version-history":[{"count":1,"href":"http:\/\/sv-luftfahrt-berlin.de\/index.php?rest_route=\/wp\/v2\/posts\/13520\/revisions"}],"predecessor-version":[{"id":13521,"href":"http:\/\/sv-luftfahrt-berlin.de\/index.php?rest_route=\/wp\/v2\/posts\/13520\/revisions\/13521"}],"wp:attachment":[{"href":"http:\/\/sv-luftfahrt-berlin.de\/index.php?rest_route=%2Fwp%2Fv2%2Fmedia&parent=13520"}],"wp:term":[{"taxonomy":"category","embeddable":true,"href":"http:\/\/sv-luftfahrt-berlin.de\/index.php?rest_route=%2Fwp%2Fv2%2Fcategories&post=13520"},{"taxonomy":"post_tag","embeddable":true,"href":"http:\/\/sv-luftfahrt-berlin.de\/index.php?rest_route=%2Fwp%2Fv2%2Ftags&post=13520"}],"curies":[{"name":"wp","href":"https:\/\/api.w.org\/{rel}","templated":true}]}}