{"id":13522,"date":"2023-09-17T19:56:17","date_gmt":"2023-09-17T19:56:17","guid":{"rendered":"http:\/\/sv-luftfahrt-berlin.de\/?p=13522"},"modified":"2023-11-10T13:33:26","modified_gmt":"2023-11-10T13:33:26","slug":"16-09-2023-andreas-boenisch-gedenk-turnier-in-wittenberg","status":"publish","type":"post","link":"http:\/\/sv-luftfahrt-berlin.de\/?p=13522","title":{"rendered":"16.09.2023 Andreas-Boenisch-Gedenk-Turnier in Wittenberg"},"content":{"rendered":"\n<p>Herzlichen Gl\u00fcckwunsch an unsere Sportler beim Turnier in Wittenberg!<\/p>\n<p>Am 16.09. nahmen Niklas, John, Jakob, Oliver, Leon, Chris und Jan am 22. Andreas Boenisch Gedenkturnier in Wittenberg teil. Jakob trat in der u30-Kategorie bis 73 kg an, konnte seinen Gegner jedoch nicht besiegen und erreichte den 2. Platz. Leon k\u00e4mpfte in der Kategorie bis 100 kg und gewann alle seine K\u00e4mpfe, was ihm den 1. Platz einbrachte. Niklas trat in der Kategorie +100 kg an und besiegte seinen Gegner, was ihm ebenfalls den 1. Platz einbrachte. Oliver erreichte einen 3. Platz und konnte dar\u00fcber hinaus souver\u00e4n den Pokal f\u00fcr die weiteste Anreise einfahren!<\/p>\n<p>Sp\u00e4ter bildete sich ein gemischtes Team, in dem unsere Sportler durch erfolgreiche K\u00e4mpfe ebenfalls den Sieg erringen konnten. Jan war vor Ort als Kampfrichter und \u00fcberzeugte wie immer mit seiner hervorragenden Leistung. Chris und John waren ebenfalls anwesend, wobei John aufgrund einer Verletzung ausfiel, aber unsere Sportler kr\u00e4ftig anfeuerte.<\/p>\n<p>Nach den Wettk\u00e4mpfen hatte Gr\u00fcn-Wei\u00df Wittenberg ein sch\u00f6nes Abendprogramm vorbereitet, einschlie\u00dflich einer Stadtf\u00fchrung und gemeinsamen Essens.<\/p>\n<p>Vielen Dank f\u00fcr das gro\u00dfartige Turnier und erneut herzlichen Gl\u00fcckwunsch an unsere Sportler!<\/p>\n\n\n\n<figure class=\"wp-block-image size-large is-resized\"><a href=\"http:\/\/sv-luftfahrt-berlin.de\/wp-content\/uploads\/2023\/09\/WhatsApp-Image-2023-09-17-at-11.20.021.jpeg\"><img loading=\"lazy\" decoding=\"async\" width=\"2048\" height=\"1280\" src=\"http:\/\/sv-luftfahrt-berlin.de\/wp-content\/uploads\/2023\/09\/WhatsApp-Image-2023-09-17-at-11.20.021-edited.jpeg\" alt=\"Gruppenbild Gedenkturnier Wittenberg 2023\" class=\"wp-image-13526\" style=\"width:822px;height:514px\" srcset=\"http:\/\/sv-luftfahrt-berlin.de\/wp-content\/uploads\/2023\/09\/WhatsApp-Image-2023-09-17-at-11.20.021-edited.jpeg 2048w, http:\/\/sv-luftfahrt-berlin.de\/wp-content\/uploads\/2023\/09\/WhatsApp-Image-2023-09-17-at-11.20.021-edited-300x188.jpeg 300w, http:\/\/sv-luftfahrt-berlin.de\/wp-content\/uploads\/2023\/09\/WhatsApp-Image-2023-09-17-at-11.20.021-edited-1024x640.jpeg 1024w, http:\/\/sv-luftfahrt-berlin.de\/wp-content\/uploads\/2023\/09\/WhatsApp-Image-2023-09-17-at-11.20.021-edited-768x480.jpeg 768w, http:\/\/sv-luftfahrt-berlin.de\/wp-content\/uploads\/2023\/09\/WhatsApp-Image-2023-09-17-at-11.20.021-edited-1536x960.jpeg 1536w\" sizes=\"auto, (max-width: 2048px) 100vw, 2048px\" \/><\/a><\/figure>\n","protected":false},"excerpt":{"rendered":"<p>Herzlichen Gl\u00fcckwunsch an unsere Sportler beim Turnier in Wittenberg! Am 16.09. nahmen Niklas, John, Jakob, Oliver, Leon, Chris und Jan<\/p>\n","protected":false},"author":3,"featured_media":13525,"comment_status":"closed","ping_status":"closed","sticky":false,"template":"","format":"standard","meta":{"colormag_page_container_layout":"default_layout","colormag_page_sidebar_layout":"default_layout","ngg_post_thumbnail":0,"footnotes":""},"categories":[2,1],"tags":[],"class_list":["post-13522","post","type-post","status-publish","format-standard","has-post-thumbnail","hentry","category-news","category-sonstiges"],"_links":{"self":[{"href":"http:\/\/sv-luftfahrt-berlin.de\/index.php?rest_route=\/wp\/v2\/posts\/13522","targetHints":{"allow":["GET"]}}],"collection":[{"href":"http:\/\/sv-luftfahrt-berlin.de\/index.php?rest_route=\/wp\/v2\/posts"}],"about":[{"href":"http:\/\/sv-luftfahrt-berlin.de\/index.php?rest_route=\/wp\/v2\/types\/post"}],"author":[{"embeddable":true,"href":"http:\/\/sv-luftfahrt-berlin.de\/index.php?rest_route=\/wp\/v2\/users\/3"}],"replies":[{"embeddable":true,"href":"http:\/\/sv-luftfahrt-berlin.de\/index.php?rest_route=%2Fwp%2Fv2%2Fcomments&post=13522"}],"version-history":[{"count":3,"href":"http:\/\/sv-luftfahrt-berlin.de\/index.php?rest_route=\/wp\/v2\/posts\/13522\/revisions"}],"predecessor-version":[{"id":13572,"href":"http:\/\/sv-luftfahrt-berlin.de\/index.php?rest_route=\/wp\/v2\/posts\/13522\/revisions\/13572"}],"wp:featuredmedia":[{"embeddable":true,"href":"http:\/\/sv-luftfahrt-berlin.de\/index.php?rest_route=\/wp\/v2\/media\/13525"}],"wp:attachment":[{"href":"http:\/\/sv-luftfahrt-berlin.de\/index.php?rest_route=%2Fwp%2Fv2%2Fmedia&parent=13522"}],"wp:term":[{"taxonomy":"category","embeddable":true,"href":"http:\/\/sv-luftfahrt-berlin.de\/index.php?rest_route=%2Fwp%2Fv2%2Fcategories&post=13522"},{"taxonomy":"post_tag","embeddable":true,"href":"http:\/\/sv-luftfahrt-berlin.de\/index.php?rest_route=%2Fwp%2Fv2%2Ftags&post=13522"}],"curies":[{"name":"wp","href":"https:\/\/api.w.org\/{rel}","templated":true}]}}