{"id":13540,"date":"2023-09-24T16:58:00","date_gmt":"2023-09-24T16:58:00","guid":{"rendered":"http:\/\/sv-luftfahrt-berlin.de\/?p=13540"},"modified":"2023-10-08T15:49:43","modified_gmt":"2023-10-08T15:49:43","slug":"23-09-2023-at-cup-leipzig","status":"publish","type":"post","link":"http:\/\/sv-luftfahrt-berlin.de\/?p=13540","title":{"rendered":"23.09.2023 AT-Cup Leipzig"},"content":{"rendered":"\n<p>Am Samstag, dem 23.09 trat Nele voller Energie beim AT-Cup des JC Leipzig an. Souver\u00e4n gewann sie ihre ersten beiden K\u00e4mpfe.<\/p>\n<p>Mit zwei \u00fcberzeugenden Siegen im Gep\u00e4ck erreichte Nele das Finale dieses hochkar\u00e4tigen Judo-Wettkampfs. Leider verpasste Nele knapp das oberste Treppchen und musste sich mit dem zweiten Platz zufriedengeben.<\/p>\n<p>Herzlichen Gl\u00fcckwunsch an Nele und weiterhin viel Erfolg!<\/p>\n\n\n\n<figure class=\"wp-block-image size-large is-resized\"><a href=\"http:\/\/sv-luftfahrt-berlin.de\/wp-content\/uploads\/2023\/09\/WhatsApp-Image-2023-09-23-at-14.47.17.jpeg\"><img loading=\"lazy\" decoding=\"async\" src=\"http:\/\/sv-luftfahrt-berlin.de\/wp-content\/uploads\/2023\/09\/WhatsApp-Image-2023-09-23-at-14.47.17-1024x768.jpeg\" alt=\"\" class=\"wp-image-13541\" style=\"width:646px;height:485px\" width=\"646\" height=\"485\" srcset=\"http:\/\/sv-luftfahrt-berlin.de\/wp-content\/uploads\/2023\/09\/WhatsApp-Image-2023-09-23-at-14.47.17-1024x768.jpeg 1024w, http:\/\/sv-luftfahrt-berlin.de\/wp-content\/uploads\/2023\/09\/WhatsApp-Image-2023-09-23-at-14.47.17-300x225.jpeg 300w, http:\/\/sv-luftfahrt-berlin.de\/wp-content\/uploads\/2023\/09\/WhatsApp-Image-2023-09-23-at-14.47.17-768x576.jpeg 768w, http:\/\/sv-luftfahrt-berlin.de\/wp-content\/uploads\/2023\/09\/WhatsApp-Image-2023-09-23-at-14.47.17-1536x1152.jpeg 1536w, http:\/\/sv-luftfahrt-berlin.de\/wp-content\/uploads\/2023\/09\/WhatsApp-Image-2023-09-23-at-14.47.17.jpeg 1600w\" sizes=\"auto, (max-width: 646px) 100vw, 646px\" \/><\/a><\/figure>\n","protected":false},"excerpt":{"rendered":"<p>Am Samstag, dem 23.09 trat Nele voller Energie beim AT-Cup des JC Leipzig an. Souver\u00e4n gewann sie ihre ersten beiden<\/p>\n","protected":false},"author":3,"featured_media":0,"comment_status":"closed","ping_status":"closed","sticky":false,"template":"","format":"standard","meta":{"colormag_page_container_layout":"default_layout","colormag_page_sidebar_layout":"default_layout","ngg_post_thumbnail":0,"footnotes":""},"categories":[2,1],"tags":[],"class_list":["post-13540","post","type-post","status-publish","format-standard","hentry","category-news","category-sonstiges"],"_links":{"self":[{"href":"http:\/\/sv-luftfahrt-berlin.de\/index.php?rest_route=\/wp\/v2\/posts\/13540","targetHints":{"allow":["GET"]}}],"collection":[{"href":"http:\/\/sv-luftfahrt-berlin.de\/index.php?rest_route=\/wp\/v2\/posts"}],"about":[{"href":"http:\/\/sv-luftfahrt-berlin.de\/index.php?rest_route=\/wp\/v2\/types\/post"}],"author":[{"embeddable":true,"href":"http:\/\/sv-luftfahrt-berlin.de\/index.php?rest_route=\/wp\/v2\/users\/3"}],"replies":[{"embeddable":true,"href":"http:\/\/sv-luftfahrt-berlin.de\/index.php?rest_route=%2Fwp%2Fv2%2Fcomments&post=13540"}],"version-history":[{"count":1,"href":"http:\/\/sv-luftfahrt-berlin.de\/index.php?rest_route=\/wp\/v2\/posts\/13540\/revisions"}],"predecessor-version":[{"id":13542,"href":"http:\/\/sv-luftfahrt-berlin.de\/index.php?rest_route=\/wp\/v2\/posts\/13540\/revisions\/13542"}],"wp:attachment":[{"href":"http:\/\/sv-luftfahrt-berlin.de\/index.php?rest_route=%2Fwp%2Fv2%2Fmedia&parent=13540"}],"wp:term":[{"taxonomy":"category","embeddable":true,"href":"http:\/\/sv-luftfahrt-berlin.de\/index.php?rest_route=%2Fwp%2Fv2%2Fcategories&post=13540"},{"taxonomy":"post_tag","embeddable":true,"href":"http:\/\/sv-luftfahrt-berlin.de\/index.php?rest_route=%2Fwp%2Fv2%2Ftags&post=13540"}],"curies":[{"name":"wp","href":"https:\/\/api.w.org\/{rel}","templated":true}]}}