{"id":13558,"date":"2023-10-15T14:02:12","date_gmt":"2023-10-15T14:02:12","guid":{"rendered":"http:\/\/sv-luftfahrt-berlin.de\/?p=13558"},"modified":"2023-11-12T12:05:16","modified_gmt":"2023-11-12T12:05:16","slug":"14-10-2023-3-tore-pokal-jueterborg","status":"publish","type":"post","link":"http:\/\/sv-luftfahrt-berlin.de\/?p=13558","title":{"rendered":"14.10.2023 3-Tore-Pokal J\u00fcterborg"},"content":{"rendered":"\n<p>Am 14. Oktober waren wir mit zwei Judoka beim 3-Tore-Pokal in J\u00fcterbog. Am Vormittag trat Milan in der u14 an und Nele am fr\u00fchen Nachmittag in der u16. Milan konnte seinen ersten Kampf nach mit einem Haltegriff f\u00fcr sich entscheiden. Leider verlor er den zweiten Kampf durch Hantei und erreichte somit Platz 2. Nele konnte in ihrer Gewichtsklasse beide K\u00e4mpfe durch Tani-otoshi entscheiden und erk\u00e4mpfte sich somit Platz 1. Gl\u00fcckwunsch an die beiden und vielen Dank an Niklas f\u00fcr die Betreuung vom Mattenrand aus!<\/p>\n<p>&nbsp;<\/p>\n\n\n\n<figure class=\"wp-block-image size-medium is-resized\"><a href=\"http:\/\/sv-luftfahrt-berlin.de\/wp-content\/uploads\/2023\/10\/WhatsApp-Image-2023-10-14-at-17.21.21.jpeg\"><img loading=\"lazy\" decoding=\"async\" width=\"300\" height=\"225\" src=\"http:\/\/sv-luftfahrt-berlin.de\/wp-content\/uploads\/2023\/10\/WhatsApp-Image-2023-10-14-at-17.21.21-edited-300x225.jpeg\" alt=\"Milan und Nele beim 3-Tore-Pokal J\u00fcterborg\" class=\"wp-image-13562\" style=\"aspect-ratio:1.3333333333333333;width:387px;height:auto\" srcset=\"http:\/\/sv-luftfahrt-berlin.de\/wp-content\/uploads\/2023\/10\/WhatsApp-Image-2023-10-14-at-17.21.21-edited-300x225.jpeg 300w, http:\/\/sv-luftfahrt-berlin.de\/wp-content\/uploads\/2023\/10\/WhatsApp-Image-2023-10-14-at-17.21.21-edited-1024x768.jpeg 1024w, http:\/\/sv-luftfahrt-berlin.de\/wp-content\/uploads\/2023\/10\/WhatsApp-Image-2023-10-14-at-17.21.21-edited-768x576.jpeg 768w, http:\/\/sv-luftfahrt-berlin.de\/wp-content\/uploads\/2023\/10\/WhatsApp-Image-2023-10-14-at-17.21.21-edited.jpeg 1200w\" sizes=\"auto, (max-width: 300px) 100vw, 300px\" \/><\/a><\/figure>\n","protected":false},"excerpt":{"rendered":"<p>Am 14. Oktober waren wir mit zwei Judoka beim 3-Tore-Pokal in J\u00fcterbog. Am Vormittag trat Milan in der u14 an<\/p>\n","protected":false},"author":3,"featured_media":0,"comment_status":"closed","ping_status":"closed","sticky":false,"template":"","format":"standard","meta":{"colormag_page_container_layout":"default_layout","colormag_page_sidebar_layout":"default_layout","ngg_post_thumbnail":0,"footnotes":""},"categories":[2,1],"tags":[],"class_list":["post-13558","post","type-post","status-publish","format-standard","hentry","category-news","category-sonstiges"],"_links":{"self":[{"href":"http:\/\/sv-luftfahrt-berlin.de\/index.php?rest_route=\/wp\/v2\/posts\/13558","targetHints":{"allow":["GET"]}}],"collection":[{"href":"http:\/\/sv-luftfahrt-berlin.de\/index.php?rest_route=\/wp\/v2\/posts"}],"about":[{"href":"http:\/\/sv-luftfahrt-berlin.de\/index.php?rest_route=\/wp\/v2\/types\/post"}],"author":[{"embeddable":true,"href":"http:\/\/sv-luftfahrt-berlin.de\/index.php?rest_route=\/wp\/v2\/users\/3"}],"replies":[{"embeddable":true,"href":"http:\/\/sv-luftfahrt-berlin.de\/index.php?rest_route=%2Fwp%2Fv2%2Fcomments&post=13558"}],"version-history":[{"count":3,"href":"http:\/\/sv-luftfahrt-berlin.de\/index.php?rest_route=\/wp\/v2\/posts\/13558\/revisions"}],"predecessor-version":[{"id":13573,"href":"http:\/\/sv-luftfahrt-berlin.de\/index.php?rest_route=\/wp\/v2\/posts\/13558\/revisions\/13573"}],"wp:attachment":[{"href":"http:\/\/sv-luftfahrt-berlin.de\/index.php?rest_route=%2Fwp%2Fv2%2Fmedia&parent=13558"}],"wp:term":[{"taxonomy":"category","embeddable":true,"href":"http:\/\/sv-luftfahrt-berlin.de\/index.php?rest_route=%2Fwp%2Fv2%2Fcategories&post=13558"},{"taxonomy":"post_tag","embeddable":true,"href":"http:\/\/sv-luftfahrt-berlin.de\/index.php?rest_route=%2Fwp%2Fv2%2Ftags&post=13558"}],"curies":[{"name":"wp","href":"https:\/\/api.w.org\/{rel}","templated":true}]}}