{"id":13574,"date":"2023-11-12T12:16:25","date_gmt":"2023-11-12T12:16:25","guid":{"rendered":"http:\/\/sv-luftfahrt-berlin.de\/?p=13574"},"modified":"2023-11-12T12:16:28","modified_gmt":"2023-11-12T12:16:28","slug":"11-11-2023-3-herbst-cup-strausberg","status":"publish","type":"post","link":"http:\/\/sv-luftfahrt-berlin.de\/?p=13574","title":{"rendered":"11.11.2023 3. Herbst-Cup Strausberg"},"content":{"rendered":"\n<p>Am Sonntag dem 11.11 haben zwei unserer Judoka beim 3. Herbst-Cup in Strausberg teilgenommen.<\/p>\n<p>Milan startete in der vollsten Gewichtsklasse am Vormittag. Im ersten Kampf musste er sich knapp geschlagen geben. In der Trostrunde konnte Milan daraufhin den Kampf nach starker Leistung f\u00fcr sich entscheiden. Leider verlor er seinen dritten Kampf und konnte am Ende keine Platzierung erreichen.<\/p>\n<p>Nele startete in der Gewichtsklasse +63kg mit 7 weiteren Sportlerinnen. Den ersten Kampf verlor sie trotz guter k\u00e4mpferischer Leistung im Golden Score. Die folgenden drei K\u00e4mpfe konnte sie \u00fcberzeugend f\u00fcr sich entscheiden und k\u00e4mpfte sich so in das Turnier zur\u00fcck. Das Finale verlor sie jedoch und erreichte somit Platz 2.<\/p>\n<p>Gl\u00fcckwunsch an beide Judoka f\u00fcr die k\u00e4mpferische Leistung und vielen Dank an Niklas f\u00fcr seinen Einsatz als Trainer!<\/p>\n<p>&nbsp;<\/p>\n\n\n\n<figure class=\"wp-block-image size-large is-resized\"><a href=\"http:\/\/sv-luftfahrt-berlin.de\/wp-content\/uploads\/2023\/11\/WhatsApp-Image-2023-11-11-at-12.42.10.jpeg\"><img loading=\"lazy\" decoding=\"async\" width=\"576\" height=\"1024\" src=\"http:\/\/sv-luftfahrt-berlin.de\/wp-content\/uploads\/2023\/11\/WhatsApp-Image-2023-11-11-at-12.42.10-576x1024.jpeg\" alt=\"Herbst-Cup Strausberg 2023\" class=\"wp-image-13575\" style=\"aspect-ratio:0.5633333333333334;width:445px;height:auto\" srcset=\"http:\/\/sv-luftfahrt-berlin.de\/wp-content\/uploads\/2023\/11\/WhatsApp-Image-2023-11-11-at-12.42.10-576x1024.jpeg 576w, http:\/\/sv-luftfahrt-berlin.de\/wp-content\/uploads\/2023\/11\/WhatsApp-Image-2023-11-11-at-12.42.10-169x300.jpeg 169w, http:\/\/sv-luftfahrt-berlin.de\/wp-content\/uploads\/2023\/11\/WhatsApp-Image-2023-11-11-at-12.42.10-768x1365.jpeg 768w, http:\/\/sv-luftfahrt-berlin.de\/wp-content\/uploads\/2023\/11\/WhatsApp-Image-2023-11-11-at-12.42.10-864x1536.jpeg 864w, http:\/\/sv-luftfahrt-berlin.de\/wp-content\/uploads\/2023\/11\/WhatsApp-Image-2023-11-11-at-12.42.10.jpeg 1134w\" sizes=\"auto, (max-width: 576px) 100vw, 576px\" \/><\/a><\/figure>\n","protected":false},"excerpt":{"rendered":"<p>Am Sonntag dem 11.11 haben zwei unserer Judoka beim 3. Herbst-Cup in Strausberg teilgenommen. Milan startete in der vollsten Gewichtsklasse<\/p>\n","protected":false},"author":3,"featured_media":0,"comment_status":"closed","ping_status":"closed","sticky":false,"template":"","format":"standard","meta":{"colormag_page_container_layout":"default_layout","colormag_page_sidebar_layout":"default_layout","ngg_post_thumbnail":0,"footnotes":""},"categories":[2],"tags":[],"class_list":["post-13574","post","type-post","status-publish","format-standard","hentry","category-news"],"_links":{"self":[{"href":"http:\/\/sv-luftfahrt-berlin.de\/index.php?rest_route=\/wp\/v2\/posts\/13574","targetHints":{"allow":["GET"]}}],"collection":[{"href":"http:\/\/sv-luftfahrt-berlin.de\/index.php?rest_route=\/wp\/v2\/posts"}],"about":[{"href":"http:\/\/sv-luftfahrt-berlin.de\/index.php?rest_route=\/wp\/v2\/types\/post"}],"author":[{"embeddable":true,"href":"http:\/\/sv-luftfahrt-berlin.de\/index.php?rest_route=\/wp\/v2\/users\/3"}],"replies":[{"embeddable":true,"href":"http:\/\/sv-luftfahrt-berlin.de\/index.php?rest_route=%2Fwp%2Fv2%2Fcomments&post=13574"}],"version-history":[{"count":1,"href":"http:\/\/sv-luftfahrt-berlin.de\/index.php?rest_route=\/wp\/v2\/posts\/13574\/revisions"}],"predecessor-version":[{"id":13576,"href":"http:\/\/sv-luftfahrt-berlin.de\/index.php?rest_route=\/wp\/v2\/posts\/13574\/revisions\/13576"}],"wp:attachment":[{"href":"http:\/\/sv-luftfahrt-berlin.de\/index.php?rest_route=%2Fwp%2Fv2%2Fmedia&parent=13574"}],"wp:term":[{"taxonomy":"category","embeddable":true,"href":"http:\/\/sv-luftfahrt-berlin.de\/index.php?rest_route=%2Fwp%2Fv2%2Fcategories&post=13574"},{"taxonomy":"post_tag","embeddable":true,"href":"http:\/\/sv-luftfahrt-berlin.de\/index.php?rest_route=%2Fwp%2Fv2%2Ftags&post=13574"}],"curies":[{"name":"wp","href":"https:\/\/api.w.org\/{rel}","templated":true}]}}