{"id":13594,"date":"2023-11-27T14:40:47","date_gmt":"2023-11-27T14:40:47","guid":{"rendered":"https:\/\/sv-luftfahrt-berlin.de\/?p=13594"},"modified":"2023-12-19T18:52:00","modified_gmt":"2023-12-19T18:52:00","slug":"das","status":"publish","type":"post","link":"http:\/\/sv-luftfahrt-berlin.de\/?p=13594","title":{"rendered":"Das war das Internationale Judo Luftfahrt Masters 2023"},"content":{"rendered":"\n<p><a href=\"http:\/\/sv-luftfahrt-berlin.de\/wp-content\/uploads\/2023\/11\/2023_11_25_Veteranen.jpg\"><img loading=\"lazy\" decoding=\"async\" class=\"alignleft  wp-image-13634\" src=\"http:\/\/sv-luftfahrt-berlin.de\/wp-content\/uploads\/2023\/11\/2023_11_25_Veteranen-1024x768.jpg\" alt=\"\" width=\"234\" height=\"176\" srcset=\"http:\/\/sv-luftfahrt-berlin.de\/wp-content\/uploads\/2023\/11\/2023_11_25_Veteranen-1024x768.jpg 1024w, http:\/\/sv-luftfahrt-berlin.de\/wp-content\/uploads\/2023\/11\/2023_11_25_Veteranen-300x225.jpg 300w, http:\/\/sv-luftfahrt-berlin.de\/wp-content\/uploads\/2023\/11\/2023_11_25_Veteranen-768x576.jpg 768w, http:\/\/sv-luftfahrt-berlin.de\/wp-content\/uploads\/2023\/11\/2023_11_25_Veteranen-1536x1152.jpg 1536w, http:\/\/sv-luftfahrt-berlin.de\/wp-content\/uploads\/2023\/11\/2023_11_25_Veteranen.jpg 2000w\" sizes=\"auto, (max-width: 234px) 100vw, 234px\" \/><\/a>168 gemeldete Judoka mit \u00fcber 190 Starts &#8230; das war das Internationale Judo Luftfahrt Masters Berlin 2023. Highlights in diesem Jahr waren wieder der YouTube Live Stream, die tollen Medaillen und die Auszeichnungen f\u00fcr die weiteste Anreise und den\/die \u00e4lteste Teilnehmer\/in. &nbsp;Unter den Sportler\/innen waren 19 Nationalit\u00e4ten aus 56 Vereinen vertreten.<\/p>\n<p>Erstmalig nahmen Judoka aus den Vereinen des <strong>Braunschweiger Judo Club e.V.<\/strong> und des <strong>VFL Wolfsburg e.V.<\/strong> teil. Auch aus dem fernen Bayern und Ruhrgebiet reisten Judoka an. So durften wir <strong>J\u00fcrgen Wagner<\/strong> (61) vom <strong>PSV Bochum e.V.<\/strong> das erste mal auf unserem Luftfahrt Masters k\u00e4mpfen sehen. In starken K\u00e4mpfen bezwang er die beiden Briten <strong>James Birnie<\/strong> (69) und <strong>John Thacker<\/strong> (62) sowie unser ehemaliges Club Mitglied <strong>Rainer Pr\u00fcfig<\/strong> (62, <strong>JSV Bernau e.V.<\/strong>) und konnte damit Gold nach Hause fahren. Der Spanier <strong>Gerard Alguer\u00f3 <\/strong>vom <strong>TSV 1861 Mainburg e.V.<\/strong> war der einzige Vertreter vom Bayerischen Landesverband. Mit dem 1. Platz in der offenen Altersklasse bis 90kg und dem 2. Platz in der \u00fc30 bis 90kg war Gerard sehr erfolgreich.<br>Bei den Judo W\u00f6lfen sah es \u00e4hnlich aus. In der Clubwertung konnten sie durch 3 Platzierungen auf dem Treppchen den 12. Platz erreichen, hingegen die Braunschweiger immerhin noch den 26. Platz erzielten. Wir sind \u00fcberzeugt das die Braunschweiger und die Judo W\u00f6lfe n\u00e4chstes Jahr mit gr\u00f6sseren Teams anreisen werden um sich den Team Pokal zu holen.<br>Der Internationalste Club auf dem Turnier war wohl der <strong>1. Berliner Judo Club e.V.<\/strong> Hatten sie zwar eine kurze Anreise weil sie auch aus Berlin kommen, so hatte Coach <a href=\"https:\/\/www.judo-verband-berlin.eu\/zwei-neue-vizepraesidenten-im-praesidium-des-judo-verband-berlin\"><strong>Wissem Kordi<\/strong><\/a> aber Judoka aus 4 Nationen (Afghanistan, Georgien, Kolumbien, Australien) dabei. Jeder von Ihnen stand auf dem Siegertreppchen, in der Team Wertung macht das am Ende Platz 9.<\/p>\n<p>Neu haben wir auch einen Pokal f\u00fcr den\/die \u00e4lteste Teilnehmer\/in und den\/die Sportler\/in mit der weitesten Anreise vergeben.<br>\u00c4ltester Teilnehmer im diesem Jahr war <strong>Ryszard Wichan<\/strong> aus Polen, mit 72 Jahren k\u00e4mpfte er in der Altersklasse \u00fc60 bis 60kg gegen <strong>Michael Traus<\/strong> (68) vom <strong>SV Gr\u00fcn-Wei\u00df Wittenberg Piesteritz e.V.<\/strong> Im best-of-three Kampfsystem holte er sich den 2. Platz.<br>Die weiteste Anreise hatte <strong>Mykola Dankanych<\/strong> aus der Ukraine, er ist extra mit dem Auto nach Berlin gefahren. Die Anfahrt hat sich aber gelohnt, so nahm er nicht nur den Pokal f\u00fcr die weiteste Anreise mit, sondern auch Silber in der \u00fc50 bis 73kg. Knapp dahinter waren die Judoka vom <strong>Judo Club Sundsvall<\/strong>, mit einer Anreise von \u00fcber 1.400km, allerdings nicht mit dem Auto.<\/p>\n<p>&nbsp;<\/p>\n<table style=\"height: 40px; width: 100%; border-collapse: collapse;\" border=\"0\">\n<tbody>\n<tr style=\"height: 20px;\">\n<td style=\"width: 50%; height: 20px; text-align: center;\"><a href=\"http:\/\/sv-luftfahrt-berlin.de\/wp-content\/uploads\/2023\/11\/2023_11_25_Pokal_Aeltester_Teilnehmer.jpg\"><img loading=\"lazy\" decoding=\"async\" class=\"wp-image-13619\" src=\"http:\/\/sv-luftfahrt-berlin.de\/wp-content\/uploads\/2023\/11\/2023_11_25_Pokal_Aeltester_Teilnehmer-300x225.jpg\" alt=\"\" width=\"337\" height=\"253\" srcset=\"http:\/\/sv-luftfahrt-berlin.de\/wp-content\/uploads\/2023\/11\/2023_11_25_Pokal_Aeltester_Teilnehmer-300x225.jpg 300w, http:\/\/sv-luftfahrt-berlin.de\/wp-content\/uploads\/2023\/11\/2023_11_25_Pokal_Aeltester_Teilnehmer-1024x768.jpg 1024w, http:\/\/sv-luftfahrt-berlin.de\/wp-content\/uploads\/2023\/11\/2023_11_25_Pokal_Aeltester_Teilnehmer-768x576.jpg 768w, http:\/\/sv-luftfahrt-berlin.de\/wp-content\/uploads\/2023\/11\/2023_11_25_Pokal_Aeltester_Teilnehmer-1536x1152.jpg 1536w, http:\/\/sv-luftfahrt-berlin.de\/wp-content\/uploads\/2023\/11\/2023_11_25_Pokal_Aeltester_Teilnehmer.jpg 2000w\" sizes=\"auto, (max-width: 337px) 100vw, 337px\" \/><\/a><\/td>\n<td style=\"width: 50%; height: 20px; text-align: center;\"><a href=\"http:\/\/sv-luftfahrt-berlin.de\/wp-content\/uploads\/2023\/11\/2023_11_25_Pokal_weiteste_Anreise.jpeg\"><img loading=\"lazy\" decoding=\"async\" class=\"wp-image-13618\" src=\"http:\/\/sv-luftfahrt-berlin.de\/wp-content\/uploads\/2023\/11\/2023_11_25_Pokal_weiteste_Anreise-300x225.jpeg\" alt=\"\" width=\"329\" height=\"247\" srcset=\"http:\/\/sv-luftfahrt-berlin.de\/wp-content\/uploads\/2023\/11\/2023_11_25_Pokal_weiteste_Anreise-300x225.jpeg 300w, http:\/\/sv-luftfahrt-berlin.de\/wp-content\/uploads\/2023\/11\/2023_11_25_Pokal_weiteste_Anreise-1024x768.jpeg 1024w, http:\/\/sv-luftfahrt-berlin.de\/wp-content\/uploads\/2023\/11\/2023_11_25_Pokal_weiteste_Anreise-768x576.jpeg 768w, http:\/\/sv-luftfahrt-berlin.de\/wp-content\/uploads\/2023\/11\/2023_11_25_Pokal_weiteste_Anreise-1536x1152.jpeg 1536w, http:\/\/sv-luftfahrt-berlin.de\/wp-content\/uploads\/2023\/11\/2023_11_25_Pokal_weiteste_Anreise.jpeg 2000w\" sizes=\"auto, (max-width: 329px) 100vw, 329px\" \/><\/a><\/td>\n<\/tr>\n<tr style=\"height: 20px;\">\n<td style=\"width: 50%; height: 20px; text-align: center;\">\u00c4ltester Teilnehmer Ryszard Wichan (POL) mit 72 Jahren<\/td>\n<td style=\"width: 50%; height: 20px;\">Mykola Dankanych (UKR) mit dem Pokal f\u00fcr die weiteste Anreise<span style=\"font-size: 15px; text-align: center;\">&nbsp; &nbsp;&nbsp;<\/span><\/td>\n<\/tr>\n<\/tbody>\n<\/table>\n<p>&nbsp;<\/p>\n<p>&nbsp;<\/p>\n<p>Vor der ersten Siegerehrung in der offenen Altersklasse gab es noch eine Auszeichnung von vier Club Mitgliedern des SV Luftfahrt Berlin. In Anerkennung der Trainert\u00e4tigkeit, Organisation des Internationalen Judo Luftfahrt Masters und Betreibung der Veteranen Website <a href=\"https:\/\/judoplus30.com\">JudoPlus30.com<\/a> wurden Niklas, Leon und Oliver jeweils mit der bronzenen Ehrennadel sowie Max mit der silbernen Ehrennadel f\u00fcr Ihr Engagement im Judo Sport ausgezeichnet. \u00dcberreicht wurde diese vom Vize Pr\u00e4sidenten des Leistungssport im Judo Verband Berlin <a href=\"https:\/\/www.judo-verband-berlin.eu\/zwei-neue-vizepraesidenten-im-praesidium-des-judo-verband-berlin\"><strong>Wissem Kordi<\/strong><\/a> .&nbsp;<\/p>\n<figure id=\"attachment_13621\" aria-describedby=\"caption-attachment-13621\" style=\"width: 488px\" class=\"wp-caption aligncenter\"><a href=\"http:\/\/sv-luftfahrt-berlin.de\/wp-content\/uploads\/2023\/11\/2023_11_25_Ehrennadel_des_Judo_Verbandes_Berlin.jpg\"><img loading=\"lazy\" decoding=\"async\" class=\"wp-image-13621\" src=\"http:\/\/sv-luftfahrt-berlin.de\/wp-content\/uploads\/2023\/11\/2023_11_25_Ehrennadel_des_Judo_Verbandes_Berlin-1024x768.jpg\" alt=\"\" width=\"488\" height=\"366\" srcset=\"http:\/\/sv-luftfahrt-berlin.de\/wp-content\/uploads\/2023\/11\/2023_11_25_Ehrennadel_des_Judo_Verbandes_Berlin-1024x768.jpg 1024w, http:\/\/sv-luftfahrt-berlin.de\/wp-content\/uploads\/2023\/11\/2023_11_25_Ehrennadel_des_Judo_Verbandes_Berlin-300x225.jpg 300w, http:\/\/sv-luftfahrt-berlin.de\/wp-content\/uploads\/2023\/11\/2023_11_25_Ehrennadel_des_Judo_Verbandes_Berlin-768x576.jpg 768w, http:\/\/sv-luftfahrt-berlin.de\/wp-content\/uploads\/2023\/11\/2023_11_25_Ehrennadel_des_Judo_Verbandes_Berlin-1536x1152.jpg 1536w, http:\/\/sv-luftfahrt-berlin.de\/wp-content\/uploads\/2023\/11\/2023_11_25_Ehrennadel_des_Judo_Verbandes_Berlin.jpg 2000w\" sizes=\"auto, (max-width: 488px) 100vw, 488px\" \/><\/a><figcaption id=\"caption-attachment-13621\" class=\"wp-caption-text\">v.l.n.r.: Niklas Fink, Oliver Fl\u00fcgel, Leon Fink, Max Gruber<\/figcaption><\/figure>\n<p>&nbsp;<\/p>\n<p>Alle Ergebnisse k\u00f6nnt ihr hier Online abrufen: <a href=\"http:\/\/masters2023.sv-luftfahrt-berlin.de\">http:\/\/masters2023.sv-luftfahrt-berlin.de<\/a><\/p>\n<figure id=\"attachment_13613\" aria-describedby=\"caption-attachment-13613\" style=\"width: 300px\" class=\"wp-caption aligncenter\"><a href=\"http:\/\/sv-luftfahrt-berlin.de\/wp-content\/uploads\/2023\/11\/Medaillen2023.gif\"><img loading=\"lazy\" decoding=\"async\" class=\"wp-image-13613 size-medium\" src=\"http:\/\/sv-luftfahrt-berlin.de\/wp-content\/uploads\/2023\/11\/Medaillen2023-300x300.gif\" alt=\"\" width=\"300\" height=\"300\" srcset=\"http:\/\/sv-luftfahrt-berlin.de\/wp-content\/uploads\/2023\/11\/Medaillen2023-300x300.gif 300w, http:\/\/sv-luftfahrt-berlin.de\/wp-content\/uploads\/2023\/11\/Medaillen2023-150x150.gif 150w\" sizes=\"auto, (max-width: 300px) 100vw, 300px\" \/><\/a><figcaption id=\"caption-attachment-13613\" class=\"wp-caption-text\">Medaillen wurden von unserem Club Mitglied Christian Meyer und seinem Berolina Abschleppdienst gesponsert<\/figcaption><\/figure>\n<p>&nbsp;<\/p>\n<p>Eines der Highlights &nbsp;dieses Jahr war wieder eine Live \u00dcbertragung des Internationalen Judo Luftfahrt Masters. Dank Gernots Technik und seinem YouTube Kanal <a href=\"https:\/\/www.youtube.com\/@JudoFanpageNuernberg\">Judo Fanpage N\u00fcrnberg<\/a> konnten alle 4 Tatamis am heimischen Rechner mitverfolgt werden. Die Aufzeichnungen stehen auch nach dem Turnier zur Verf\u00fcgung und k\u00f6nnen auf YouTube angeschaut werden. Wir haben die Videos auch unten verlinkt.<\/p>\n<p>Und nat\u00fcrlich gilt unser Dank allen helfenden H\u00e4nden, die das Turnier erst erm\u00f6glicht haben!<\/p>\n\n\n\n<figure class=\"wp-block-image aligncenter size-medium is-resized\"><a href=\"http:\/\/sv-luftfahrt-berlin.de\/wp-content\/uploads\/2023\/12\/WhatsApp-Image-2023-12-17-at-17.05.43.jpeg\"><img loading=\"lazy\" decoding=\"async\" width=\"300\" height=\"225\" src=\"http:\/\/sv-luftfahrt-berlin.de\/wp-content\/uploads\/2023\/12\/WhatsApp-Image-2023-12-17-at-17.05.43-300x225.jpeg\" alt=\"Unsere Helferinnen und Helfer\" class=\"wp-image-13859\" style=\"aspect-ratio:16\/9;object-fit:cover;width:388px;height:auto\" srcset=\"http:\/\/sv-luftfahrt-berlin.de\/wp-content\/uploads\/2023\/12\/WhatsApp-Image-2023-12-17-at-17.05.43-300x225.jpeg 300w, http:\/\/sv-luftfahrt-berlin.de\/wp-content\/uploads\/2023\/12\/WhatsApp-Image-2023-12-17-at-17.05.43-768x576.jpeg 768w, http:\/\/sv-luftfahrt-berlin.de\/wp-content\/uploads\/2023\/12\/WhatsApp-Image-2023-12-17-at-17.05.43.jpeg 1024w\" sizes=\"auto, (max-width: 300px) 100vw, 300px\" \/><\/a><\/figure>\n\n\n\n<p><span><strong>Teilnehmende Nationen<\/strong><br>Afghanistan, Australien, \u00d6sterreich, Belgien, <\/span><span>Frankreich, Grossbritannien, Georgien, Deutschland, Griechenland, Italien, Kolumbien, Polen, Russland, Serbien, Schweiz, Schweden, Spanien, Syrien, Ukraine<\/span><span>&nbsp;<\/span><\/p>\n<p>Au\u00dferdem bedanken wir uns bei <a href=\"http:\/\/www.pokale-bauer.de\">Pokale Bauer<\/a> und <a href=\"https:\/\/pokale-meier.de\">Pokale Meier<\/a> , bei denen wir verg\u00fcnstigt die Pokale und Medaillen erhalten haben.<\/p>\n<p><strong>Hauptsponsor<\/strong><br><a href=\"https:\/\/www.edeka.de\/eh\/minden-hannover\/edeka-pohl-rheinsteinstr.-4-12\/index.jsp\">Edeka Pohl in Karlshorst (Rheinsteinstr.)<\/a><\/p>\n<p><span><strong>Pokalsponsoren<\/strong><br><a href=\"http:\/\/www.fotoboxsyndikat.de\/\">Florian Schuff<\/a><br><a href=\"https:\/\/www.oliver-igel.de\">Oliver Igel (Bezirksb\u00fcrgermeister Treptow-K\u00f6penick)<\/a><br><a href=\"https:\/\/www.kojake.info\">KoJaKe Konditorei Jan Ketel<\/a><br><a href=\"https:\/\/www.allermunde-catering.berlin\/\">Allermunde Catering<\/a><br><a href=\"https:\/\/pension-schwalbenweg.de\/\">Pension Schwalbenweg<\/a><br><\/span><a href=\"https:\/\/gruenstern.berlin\">Gr\u00fcnstern Catering<\/a><br><a href=\"http:\/\/www.pokale-bauer.de\">Pokale Bauer<\/a>&nbsp;<\/p>\n<p><strong>Medaillensponsor<\/strong><br><a href=\"https:\/\/www.berolina-abschleppdienst.de\">Berolina Abschleppdienst (Christian Meyer)<\/a> <br><a href=\"https:\/\/pokale-meier.de\">Pokale Meier<\/a>&nbsp;<\/p>\n<p>&nbsp;<\/p>\n<figure id=\"attachment_13620\" aria-describedby=\"caption-attachment-13620\" style=\"width: 347px\" class=\"wp-caption aligncenter\"><a href=\"http:\/\/sv-luftfahrt-berlin.de\/wp-content\/uploads\/2023\/11\/2023_11_25_Pokale_und_Medaillen.jpg\"><img loading=\"lazy\" decoding=\"async\" class=\"wp-image-13620\" src=\"http:\/\/sv-luftfahrt-berlin.de\/wp-content\/uploads\/2023\/11\/2023_11_25_Pokale_und_Medaillen-1024x768.jpg\" alt=\"\" width=\"347\" height=\"260\" srcset=\"http:\/\/sv-luftfahrt-berlin.de\/wp-content\/uploads\/2023\/11\/2023_11_25_Pokale_und_Medaillen-1024x768.jpg 1024w, http:\/\/sv-luftfahrt-berlin.de\/wp-content\/uploads\/2023\/11\/2023_11_25_Pokale_und_Medaillen-300x225.jpg 300w, http:\/\/sv-luftfahrt-berlin.de\/wp-content\/uploads\/2023\/11\/2023_11_25_Pokale_und_Medaillen-768x576.jpg 768w, http:\/\/sv-luftfahrt-berlin.de\/wp-content\/uploads\/2023\/11\/2023_11_25_Pokale_und_Medaillen-1536x1152.jpg 1536w, http:\/\/sv-luftfahrt-berlin.de\/wp-content\/uploads\/2023\/11\/2023_11_25_Pokale_und_Medaillen.jpg 2000w\" sizes=\"auto, (max-width: 347px) 100vw, 347px\" \/><\/a><figcaption id=\"caption-attachment-13620\" class=\"wp-caption-text\">https:\/\/pokale-meier.de<\/figcaption><\/figure>\n<p>&nbsp;<\/p>\n<figure id=\"attachment_13636\" aria-describedby=\"caption-attachment-13636\" style=\"width: 300px\" class=\"wp-caption aligncenter\"><a href=\"http:\/\/sv-luftfahrt-berlin.de\/wp-content\/uploads\/2023\/11\/2023_11_25_Offene_Altersklasse.jpg\"><img loading=\"lazy\" decoding=\"async\" class=\"size-medium wp-image-13636\" src=\"http:\/\/sv-luftfahrt-berlin.de\/wp-content\/uploads\/2023\/11\/2023_11_25_Offene_Altersklasse-300x225.jpg\" alt=\"\" width=\"300\" height=\"225\" srcset=\"http:\/\/sv-luftfahrt-berlin.de\/wp-content\/uploads\/2023\/11\/2023_11_25_Offene_Altersklasse-300x225.jpg 300w, http:\/\/sv-luftfahrt-berlin.de\/wp-content\/uploads\/2023\/11\/2023_11_25_Offene_Altersklasse-1024x768.jpg 1024w, http:\/\/sv-luftfahrt-berlin.de\/wp-content\/uploads\/2023\/11\/2023_11_25_Offene_Altersklasse-768x576.jpg 768w, http:\/\/sv-luftfahrt-berlin.de\/wp-content\/uploads\/2023\/11\/2023_11_25_Offene_Altersklasse-1536x1152.jpg 1536w, http:\/\/sv-luftfahrt-berlin.de\/wp-content\/uploads\/2023\/11\/2023_11_25_Offene_Altersklasse.jpg 2000w\" sizes=\"auto, (max-width: 300px) 100vw, 300px\" \/><\/a><figcaption id=\"caption-attachment-13636\" class=\"wp-caption-text\">Offene Altersklasse<\/figcaption><\/figure>\n<p>&nbsp;<\/p>\n<figure id=\"attachment_13648\" aria-describedby=\"caption-attachment-13648\" style=\"width: 459px\" class=\"wp-caption aligncenter\"><a href=\"http:\/\/sv-luftfahrt-berlin.de\/wp-content\/uploads\/2023\/11\/2023_11_25_Siegerehrung_offene_AK.jpg\"><img loading=\"lazy\" decoding=\"async\" class=\"wp-image-13648\" src=\"http:\/\/sv-luftfahrt-berlin.de\/wp-content\/uploads\/2023\/11\/2023_11_25_Siegerehrung_offene_AK-1024x768.jpg\" alt=\"\" width=\"459\" height=\"344\" srcset=\"http:\/\/sv-luftfahrt-berlin.de\/wp-content\/uploads\/2023\/11\/2023_11_25_Siegerehrung_offene_AK-1024x768.jpg 1024w, http:\/\/sv-luftfahrt-berlin.de\/wp-content\/uploads\/2023\/11\/2023_11_25_Siegerehrung_offene_AK-300x225.jpg 300w, http:\/\/sv-luftfahrt-berlin.de\/wp-content\/uploads\/2023\/11\/2023_11_25_Siegerehrung_offene_AK-768x576.jpg 768w, http:\/\/sv-luftfahrt-berlin.de\/wp-content\/uploads\/2023\/11\/2023_11_25_Siegerehrung_offene_AK-1536x1152.jpg 1536w, http:\/\/sv-luftfahrt-berlin.de\/wp-content\/uploads\/2023\/11\/2023_11_25_Siegerehrung_offene_AK.jpg 2000w\" sizes=\"auto, (max-width: 459px) 100vw, 459px\" \/><\/a><figcaption id=\"caption-attachment-13648\" class=\"wp-caption-text\">Siegerehrung gesponsert von https:\/\/pokale-meier.de<\/figcaption><\/figure>\n<p>&nbsp;<\/p>\n<figure id=\"attachment_13637\" aria-describedby=\"caption-attachment-13637\" style=\"width: 303px\" class=\"wp-caption aligncenter\"><a href=\"http:\/\/sv-luftfahrt-berlin.de\/wp-content\/uploads\/2023\/11\/2023_11_25_Damen_ueber30-scaled.jpg\"><img loading=\"lazy\" decoding=\"async\" class=\"wp-image-13637\" src=\"http:\/\/sv-luftfahrt-berlin.de\/wp-content\/uploads\/2023\/11\/2023_11_25_Damen_ueber30-1024x768.jpg\" alt=\"\" width=\"303\" height=\"227\" srcset=\"http:\/\/sv-luftfahrt-berlin.de\/wp-content\/uploads\/2023\/11\/2023_11_25_Damen_ueber30-1024x768.jpg 1024w, http:\/\/sv-luftfahrt-berlin.de\/wp-content\/uploads\/2023\/11\/2023_11_25_Damen_ueber30-300x225.jpg 300w, http:\/\/sv-luftfahrt-berlin.de\/wp-content\/uploads\/2023\/11\/2023_11_25_Damen_ueber30-768x576.jpg 768w, http:\/\/sv-luftfahrt-berlin.de\/wp-content\/uploads\/2023\/11\/2023_11_25_Damen_ueber30-1536x1152.jpg 1536w, http:\/\/sv-luftfahrt-berlin.de\/wp-content\/uploads\/2023\/11\/2023_11_25_Damen_ueber30-2048x1536.jpg 2048w\" sizes=\"auto, (max-width: 303px) 100vw, 303px\" \/><\/a><figcaption id=\"caption-attachment-13637\" class=\"wp-caption-text\">Frauen \u00fcber 30<\/figcaption><\/figure>\n<p style=\"text-align: center;\">&nbsp;<\/p>\n<figure id=\"attachment_13650\" aria-describedby=\"caption-attachment-13650\" style=\"width: 443px\" class=\"wp-caption aligncenter\"><a href=\"http:\/\/sv-luftfahrt-berlin.de\/wp-content\/uploads\/2023\/11\/2023_11_25_Siegerehrung_Damen.jpg\"><img loading=\"lazy\" decoding=\"async\" class=\"wp-image-13650\" src=\"http:\/\/sv-luftfahrt-berlin.de\/wp-content\/uploads\/2023\/11\/2023_11_25_Siegerehrung_Damen-1024x768.jpg\" alt=\"\" width=\"443\" height=\"332\" srcset=\"http:\/\/sv-luftfahrt-berlin.de\/wp-content\/uploads\/2023\/11\/2023_11_25_Siegerehrung_Damen-1024x768.jpg 1024w, http:\/\/sv-luftfahrt-berlin.de\/wp-content\/uploads\/2023\/11\/2023_11_25_Siegerehrung_Damen-300x225.jpg 300w, http:\/\/sv-luftfahrt-berlin.de\/wp-content\/uploads\/2023\/11\/2023_11_25_Siegerehrung_Damen-768x576.jpg 768w, http:\/\/sv-luftfahrt-berlin.de\/wp-content\/uploads\/2023\/11\/2023_11_25_Siegerehrung_Damen-1536x1152.jpg 1536w, http:\/\/sv-luftfahrt-berlin.de\/wp-content\/uploads\/2023\/11\/2023_11_25_Siegerehrung_Damen.jpg 2000w\" sizes=\"auto, (max-width: 443px) 100vw, 443px\" \/><\/a><figcaption id=\"caption-attachment-13650\" class=\"wp-caption-text\">Siegerehrung Damen pr\u00e4sentiert von http:\/\/www.pokale-bauer.de<\/figcaption><\/figure>\n<p>&nbsp;<\/p>\n<figure id=\"attachment_13638\" aria-describedby=\"caption-attachment-13638\" style=\"width: 431px\" class=\"wp-caption aligncenter\"><a href=\"http:\/\/sv-luftfahrt-berlin.de\/wp-content\/uploads\/2023\/11\/2023_11_25_Veteranen-1.jpg\"><img loading=\"lazy\" decoding=\"async\" class=\"wp-image-13638\" src=\"http:\/\/sv-luftfahrt-berlin.de\/wp-content\/uploads\/2023\/11\/2023_11_25_Veteranen-1-1024x768.jpg\" alt=\"\" width=\"431\" height=\"323\" srcset=\"http:\/\/sv-luftfahrt-berlin.de\/wp-content\/uploads\/2023\/11\/2023_11_25_Veteranen-1-1024x768.jpg 1024w, http:\/\/sv-luftfahrt-berlin.de\/wp-content\/uploads\/2023\/11\/2023_11_25_Veteranen-1-300x225.jpg 300w, http:\/\/sv-luftfahrt-berlin.de\/wp-content\/uploads\/2023\/11\/2023_11_25_Veteranen-1-768x576.jpg 768w, http:\/\/sv-luftfahrt-berlin.de\/wp-content\/uploads\/2023\/11\/2023_11_25_Veteranen-1-1536x1152.jpg 1536w, http:\/\/sv-luftfahrt-berlin.de\/wp-content\/uploads\/2023\/11\/2023_11_25_Veteranen-1.jpg 2000w\" sizes=\"auto, (max-width: 431px) 100vw, 431px\" \/><\/a><figcaption id=\"caption-attachment-13638\" class=\"wp-caption-text\">Veteranen Gruppenfoto<\/figcaption><\/figure>\n<p>&nbsp;<\/p>\n<p>&nbsp;<\/p>\n<p style=\"text-align: center;\"><iframe loading=\"lazy\" title=\"YouTube video player\" src=\"\/\/www.youtube.com\/embed\/xeL628X2KRM?si=7pLHgXLXNyp3CZ8O\" allowfullscreen=\"allowfullscreen\" width=\"560\" height=\"315\" frameborder=\"0\"><\/iframe><\/p>\n<p>&nbsp;<\/p>\n<p style=\"text-align: center;\"><iframe loading=\"lazy\" title=\"YouTube video player\" src=\"\/\/www.youtube.com\/embed\/dNc6CrAKZ8g?si=bA3xcsByClyyIiml\" allowfullscreen=\"allowfullscreen\" width=\"560\" height=\"315\" frameborder=\"0\"><\/iframe><\/p>\n<p>&nbsp;<\/p>\n<p style=\"text-align: center;\"><iframe loading=\"lazy\" title=\"YouTube video player\" src=\"\/\/www.youtube.com\/embed\/k53gYJZFhRQ?si=0aJTM4ShCPfhQBUy\" allowfullscreen=\"allowfullscreen\" width=\"560\" height=\"315\" frameborder=\"0\"><\/iframe><\/p>\n<p>&nbsp;<\/p>\n<p style=\"text-align: center;\"><iframe loading=\"lazy\" title=\"YouTube video player\" src=\"\/\/www.youtube.com\/embed\/mDw73AmpnaQ?si=j-7KNnIgWWWJEeTI\" allowfullscreen=\"allowfullscreen\" width=\"560\" height=\"315\" frameborder=\"0\"><\/iframe><\/p>\n<p>&nbsp;<\/p>\n<p>&nbsp;<\/p>\n","protected":false},"excerpt":{"rendered":"<p>168 gemeldete Judoka mit \u00fcber 190 Starts &#8230; das war das Internationale Judo Luftfahrt Masters Berlin 2023. Highlights in diesem<\/p>\n","protected":false},"author":2,"featured_media":13634,"comment_status":"closed","ping_status":"closed","sticky":false,"template":"","format":"standard","meta":{"colormag_page_container_layout":"default_layout","colormag_page_sidebar_layout":"default_layout","ngg_post_thumbnail":0,"footnotes":""},"categories":[6,2],"tags":[],"class_list":["post-13594","post","type-post","status-publish","format-standard","has-post-thumbnail","hentry","category-allgemein","category-news"],"_links":{"self":[{"href":"http:\/\/sv-luftfahrt-berlin.de\/index.php?rest_route=\/wp\/v2\/posts\/13594","targetHints":{"allow":["GET"]}}],"collection":[{"href":"http:\/\/sv-luftfahrt-berlin.de\/index.php?rest_route=\/wp\/v2\/posts"}],"about":[{"href":"http:\/\/sv-luftfahrt-berlin.de\/index.php?rest_route=\/wp\/v2\/types\/post"}],"author":[{"embeddable":true,"href":"http:\/\/sv-luftfahrt-berlin.de\/index.php?rest_route=\/wp\/v2\/users\/2"}],"replies":[{"embeddable":true,"href":"http:\/\/sv-luftfahrt-berlin.de\/index.php?rest_route=%2Fwp%2Fv2%2Fcomments&post=13594"}],"version-history":[{"count":31,"href":"http:\/\/sv-luftfahrt-berlin.de\/index.php?rest_route=\/wp\/v2\/posts\/13594\/revisions"}],"predecessor-version":[{"id":13860,"href":"http:\/\/sv-luftfahrt-berlin.de\/index.php?rest_route=\/wp\/v2\/posts\/13594\/revisions\/13860"}],"wp:featuredmedia":[{"embeddable":true,"href":"http:\/\/sv-luftfahrt-berlin.de\/index.php?rest_route=\/wp\/v2\/media\/13634"}],"wp:attachment":[{"href":"http:\/\/sv-luftfahrt-berlin.de\/index.php?rest_route=%2Fwp%2Fv2%2Fmedia&parent=13594"}],"wp:term":[{"taxonomy":"category","embeddable":true,"href":"http:\/\/sv-luftfahrt-berlin.de\/index.php?rest_route=%2Fwp%2Fv2%2Fcategories&post=13594"},{"taxonomy":"post_tag","embeddable":true,"href":"http:\/\/sv-luftfahrt-berlin.de\/index.php?rest_route=%2Fwp%2Fv2%2Ftags&post=13594"}],"curies":[{"name":"wp","href":"https:\/\/api.w.org\/{rel}","templated":true}]}}