{"id":13949,"date":"2024-01-25T20:33:14","date_gmt":"2024-01-25T20:33:14","guid":{"rendered":"http:\/\/sv-luftfahrt-berlin.de\/?p=13949"},"modified":"2024-02-21T17:16:50","modified_gmt":"2024-02-21T17:16:50","slug":"bem-u15-2","status":"publish","type":"post","link":"http:\/\/sv-luftfahrt-berlin.de\/?p=13949","title":{"rendered":"20.01.2024 BEM u15"},"content":{"rendered":"\n<p>Am 20. Januar 2024 fand die BEM u15 im Sportforum statt. Als K\u00e4mpfer waren von uns Milan (-55) und Thore (-50) am Start.<\/p>\n\n\n\n<p>Milan k\u00e4mpfte sich \u00fcber vier K\u00e4mpfe insgesamt bis zum f\u00fcnften Platz. Trotz dieses hervorragenden Ergebnisses kann er durch einen gesetzten Sportler in seiner Gewichtsklasse leider nicht an der NODEM u15 teilnehmen.<\/p>\n\n\n\n<p>Thore k\u00e4mpfte sich ebenfalls in insgesamt drei K\u00e4mpfen auf Platz f\u00fcnf und ist somit f\u00fcr die NODEM nominiert!<\/p>\n\n\n\n<p>Auf und neben der Matte waren noch viele weitere Vereinsmitglieder im Einsatz. Neben Niklas, der unsere K\u00e4mpfer bestens betreut hat, waren auch Celine, Isabelle, Robert, Martin und Max zum Kampfrichten dabei. Au\u00dferdem war Paul als Listenf\u00fchrer vor Ort.<\/p>\n\n\n\n<p>Herzlichen Gl\u00fcckwunsch an Milan und Thore und vielen Dank an alle, die zu einem erfolgreichen Turnier beigetragen haben!<\/p>\n\n\n\n<p><\/p>\n\n\n\n<figure class=\"wp-block-image size-large\"><a href=\"http:\/\/sv-luftfahrt-berlin.de\/wp-content\/uploads\/2024\/02\/WhatsApp-Image-2024-02-01-at-18.48.39.jpeg\"><img loading=\"lazy\" decoding=\"async\" width=\"768\" height=\"1024\" src=\"http:\/\/sv-luftfahrt-berlin.de\/wp-content\/uploads\/2024\/02\/WhatsApp-Image-2024-02-01-at-18.48.39-768x1024.jpeg\" alt=\"Thore und Milan bei der BEM u15 zusammen mit Trainer Niklas\" class=\"wp-image-13980\" srcset=\"http:\/\/sv-luftfahrt-berlin.de\/wp-content\/uploads\/2024\/02\/WhatsApp-Image-2024-02-01-at-18.48.39-768x1024.jpeg 768w, http:\/\/sv-luftfahrt-berlin.de\/wp-content\/uploads\/2024\/02\/WhatsApp-Image-2024-02-01-at-18.48.39-225x300.jpeg 225w, http:\/\/sv-luftfahrt-berlin.de\/wp-content\/uploads\/2024\/02\/WhatsApp-Image-2024-02-01-at-18.48.39-1152x1536.jpeg 1152w, http:\/\/sv-luftfahrt-berlin.de\/wp-content\/uploads\/2024\/02\/WhatsApp-Image-2024-02-01-at-18.48.39.jpeg 1500w\" sizes=\"auto, (max-width: 768px) 100vw, 768px\" \/><\/a><\/figure>\n","protected":false},"excerpt":{"rendered":"<p>Am 20. Januar 2024 fand die BEM u15 im Sportforum statt. Als K\u00e4mpfer waren von uns Milan (-55) und Thore<\/p>\n","protected":false},"author":3,"featured_media":0,"comment_status":"closed","ping_status":"closed","sticky":false,"template":"","format":"standard","meta":{"colormag_page_container_layout":"default_layout","colormag_page_sidebar_layout":"default_layout","ngg_post_thumbnail":0,"footnotes":""},"categories":[2],"tags":[],"class_list":["post-13949","post","type-post","status-publish","format-standard","hentry","category-news"],"_links":{"self":[{"href":"http:\/\/sv-luftfahrt-berlin.de\/index.php?rest_route=\/wp\/v2\/posts\/13949","targetHints":{"allow":["GET"]}}],"collection":[{"href":"http:\/\/sv-luftfahrt-berlin.de\/index.php?rest_route=\/wp\/v2\/posts"}],"about":[{"href":"http:\/\/sv-luftfahrt-berlin.de\/index.php?rest_route=\/wp\/v2\/types\/post"}],"author":[{"embeddable":true,"href":"http:\/\/sv-luftfahrt-berlin.de\/index.php?rest_route=\/wp\/v2\/users\/3"}],"replies":[{"embeddable":true,"href":"http:\/\/sv-luftfahrt-berlin.de\/index.php?rest_route=%2Fwp%2Fv2%2Fcomments&post=13949"}],"version-history":[{"count":3,"href":"http:\/\/sv-luftfahrt-berlin.de\/index.php?rest_route=\/wp\/v2\/posts\/13949\/revisions"}],"predecessor-version":[{"id":14010,"href":"http:\/\/sv-luftfahrt-berlin.de\/index.php?rest_route=\/wp\/v2\/posts\/13949\/revisions\/14010"}],"wp:attachment":[{"href":"http:\/\/sv-luftfahrt-berlin.de\/index.php?rest_route=%2Fwp%2Fv2%2Fmedia&parent=13949"}],"wp:term":[{"taxonomy":"category","embeddable":true,"href":"http:\/\/sv-luftfahrt-berlin.de\/index.php?rest_route=%2Fwp%2Fv2%2Fcategories&post=13949"},{"taxonomy":"post_tag","embeddable":true,"href":"http:\/\/sv-luftfahrt-berlin.de\/index.php?rest_route=%2Fwp%2Fv2%2Ftags&post=13949"}],"curies":[{"name":"wp","href":"https:\/\/api.w.org\/{rel}","templated":true}]}}