{"id":14008,"date":"2024-02-21T17:25:25","date_gmt":"2024-02-21T17:25:25","guid":{"rendered":"http:\/\/sv-luftfahrt-berlin.de\/?p=14008"},"modified":"2024-02-21T17:38:22","modified_gmt":"2024-02-21T17:38:22","slug":"17-02-2024-nodem-u15","status":"publish","type":"post","link":"http:\/\/sv-luftfahrt-berlin.de\/?p=14008","title":{"rendered":"17.02.2024 NODEM u15"},"content":{"rendered":"\n<p>Nach erfolgreicher Qualifizierung \u00fcber die BEM u15 im Januar konnte Thore am 17. Februar bei der Nordostdeutschen Einzelmeisterschaft u15 (NODEM u15) an den Start gehen. Das Turnier in Strausberg war stark besetzt und Thore k\u00e4mpfte zusammen mit 12 anderen Judoka in der Gewichtsklasse -50kg. Mit zwei starken gewonnen und zwei verlorenen K\u00e4mpfen reichte es am Ende f\u00fcr einen siebten Platz! Herzlichen Gl\u00fcckwunsch \ud83d\ude42<\/p>\n","protected":false},"excerpt":{"rendered":"<p>Nach erfolgreicher Qualifizierung \u00fcber die BEM u15 im Januar konnte Thore am 17. Februar bei der Nordostdeutschen Einzelmeisterschaft u15 (NODEM<\/p>\n","protected":false},"author":3,"featured_media":0,"comment_status":"closed","ping_status":"closed","sticky":false,"template":"","format":"standard","meta":{"colormag_page_container_layout":"default_layout","colormag_page_sidebar_layout":"default_layout","ngg_post_thumbnail":0,"footnotes":""},"categories":[2],"tags":[],"class_list":["post-14008","post","type-post","status-publish","format-standard","hentry","category-news"],"_links":{"self":[{"href":"http:\/\/sv-luftfahrt-berlin.de\/index.php?rest_route=\/wp\/v2\/posts\/14008","targetHints":{"allow":["GET"]}}],"collection":[{"href":"http:\/\/sv-luftfahrt-berlin.de\/index.php?rest_route=\/wp\/v2\/posts"}],"about":[{"href":"http:\/\/sv-luftfahrt-berlin.de\/index.php?rest_route=\/wp\/v2\/types\/post"}],"author":[{"embeddable":true,"href":"http:\/\/sv-luftfahrt-berlin.de\/index.php?rest_route=\/wp\/v2\/users\/3"}],"replies":[{"embeddable":true,"href":"http:\/\/sv-luftfahrt-berlin.de\/index.php?rest_route=%2Fwp%2Fv2%2Fcomments&post=14008"}],"version-history":[{"count":2,"href":"http:\/\/sv-luftfahrt-berlin.de\/index.php?rest_route=\/wp\/v2\/posts\/14008\/revisions"}],"predecessor-version":[{"id":14016,"href":"http:\/\/sv-luftfahrt-berlin.de\/index.php?rest_route=\/wp\/v2\/posts\/14008\/revisions\/14016"}],"wp:attachment":[{"href":"http:\/\/sv-luftfahrt-berlin.de\/index.php?rest_route=%2Fwp%2Fv2%2Fmedia&parent=14008"}],"wp:term":[{"taxonomy":"category","embeddable":true,"href":"http:\/\/sv-luftfahrt-berlin.de\/index.php?rest_route=%2Fwp%2Fv2%2Fcategories&post=14008"},{"taxonomy":"post_tag","embeddable":true,"href":"http:\/\/sv-luftfahrt-berlin.de\/index.php?rest_route=%2Fwp%2Fv2%2Ftags&post=14008"}],"curies":[{"name":"wp","href":"https:\/\/api.w.org\/{rel}","templated":true}]}}