{"id":14039,"date":"2024-03-18T15:45:40","date_gmt":"2024-03-18T15:45:40","guid":{"rendered":"http:\/\/sv-luftfahrt-berlin.de\/?p=14039"},"modified":"2024-03-18T15:45:43","modified_gmt":"2024-03-18T15:45:43","slug":"18-03-2024-knorr-cup","status":"publish","type":"post","link":"http:\/\/sv-luftfahrt-berlin.de\/?p=14039","title":{"rendered":"18.03.2024 Knorr Cup"},"content":{"rendered":"\n<p>Ohne K\u00e4mpferin, aber daf\u00fcr umso mehr Sakkotragenden waren wir am 18. M\u00e4rz 2024 bei Georg-Knorr-Cup vertreten. Von uns standen Caren, Isabelle, Robert, Daniel, Martin und Max auf der Matte zum Schiedsen.<\/p>\n","protected":false},"excerpt":{"rendered":"<p>Ohne K\u00e4mpferin, aber daf\u00fcr umso mehr Sakkotragenden waren wir am 18. M\u00e4rz 2024 bei Georg-Knorr-Cup vertreten. Von uns standen Caren,<\/p>\n","protected":false},"author":3,"featured_media":0,"comment_status":"closed","ping_status":"closed","sticky":false,"template":"","format":"standard","meta":{"colormag_page_container_layout":"default_layout","colormag_page_sidebar_layout":"default_layout","ngg_post_thumbnail":0,"footnotes":""},"categories":[2],"tags":[],"class_list":["post-14039","post","type-post","status-publish","format-standard","hentry","category-news"],"_links":{"self":[{"href":"http:\/\/sv-luftfahrt-berlin.de\/index.php?rest_route=\/wp\/v2\/posts\/14039","targetHints":{"allow":["GET"]}}],"collection":[{"href":"http:\/\/sv-luftfahrt-berlin.de\/index.php?rest_route=\/wp\/v2\/posts"}],"about":[{"href":"http:\/\/sv-luftfahrt-berlin.de\/index.php?rest_route=\/wp\/v2\/types\/post"}],"author":[{"embeddable":true,"href":"http:\/\/sv-luftfahrt-berlin.de\/index.php?rest_route=\/wp\/v2\/users\/3"}],"replies":[{"embeddable":true,"href":"http:\/\/sv-luftfahrt-berlin.de\/index.php?rest_route=%2Fwp%2Fv2%2Fcomments&post=14039"}],"version-history":[{"count":1,"href":"http:\/\/sv-luftfahrt-berlin.de\/index.php?rest_route=\/wp\/v2\/posts\/14039\/revisions"}],"predecessor-version":[{"id":14040,"href":"http:\/\/sv-luftfahrt-berlin.de\/index.php?rest_route=\/wp\/v2\/posts\/14039\/revisions\/14040"}],"wp:attachment":[{"href":"http:\/\/sv-luftfahrt-berlin.de\/index.php?rest_route=%2Fwp%2Fv2%2Fmedia&parent=14039"}],"wp:term":[{"taxonomy":"category","embeddable":true,"href":"http:\/\/sv-luftfahrt-berlin.de\/index.php?rest_route=%2Fwp%2Fv2%2Fcategories&post=14039"},{"taxonomy":"post_tag","embeddable":true,"href":"http:\/\/sv-luftfahrt-berlin.de\/index.php?rest_route=%2Fwp%2Fv2%2Ftags&post=14039"}],"curies":[{"name":"wp","href":"https:\/\/api.w.org\/{rel}","templated":true}]}}