{"id":14041,"date":"2024-03-18T15:51:16","date_gmt":"2024-03-18T15:51:16","guid":{"rendered":"http:\/\/sv-luftfahrt-berlin.de\/?p=14041"},"modified":"2024-03-18T15:51:19","modified_gmt":"2024-03-18T15:51:19","slug":"18-03-2024-spreewaldpokal-luebben","status":"publish","type":"post","link":"http:\/\/sv-luftfahrt-berlin.de\/?p=14041","title":{"rendered":"18.03.2024 Spreewaldpokal L\u00fcbben"},"content":{"rendered":"\n<p>Am Sonntag waren Felix, Charlotte, Ben, John, Leon, Alex, Tom und Nick beim Spreewaldpokal in L\u00fcbben. Fast jeder unserer Judoka konnte sich auf eine gut gef\u00fcllte Gewichtsklasse freuen. Am Ende des Tages erk\u00e4mpften wir uns dreimal den f\u00fcnften Platz (Ben, Alex, Felix) und einmal den dritten Platz (John). Eine Silbermedaille (Charlotte) und 2 Goldmedaillen (Leon und Nick). Durch die vielen Platzierungen, reichte es am Ende ebenfalls f\u00fcr einen 2. Platz in der Mannschaftswertung!<\/p>\n\n\n\n<p>Gl\u00fcckwunsch an unsere Judoka f\u00fcr den erfolgreichen Wettkampftag!<\/p>\n\n\n\n<figure class=\"wp-block-image size-large is-resized\"><a href=\"http:\/\/sv-luftfahrt-berlin.de\/wp-content\/uploads\/2024\/03\/WhatsApp-Image-2024-03-18-at-09.30.27.jpeg\"><img loading=\"lazy\" decoding=\"async\" width=\"1024\" height=\"768\" src=\"http:\/\/sv-luftfahrt-berlin.de\/wp-content\/uploads\/2024\/03\/WhatsApp-Image-2024-03-18-at-09.30.27-1024x768.jpeg\" alt=\"Gruppenbild nach erfolgreichem Wettkampf\" class=\"wp-image-14043\" style=\"width:601px;height:auto\" srcset=\"http:\/\/sv-luftfahrt-berlin.de\/wp-content\/uploads\/2024\/03\/WhatsApp-Image-2024-03-18-at-09.30.27-1024x768.jpeg 1024w, http:\/\/sv-luftfahrt-berlin.de\/wp-content\/uploads\/2024\/03\/WhatsApp-Image-2024-03-18-at-09.30.27-300x225.jpeg 300w, http:\/\/sv-luftfahrt-berlin.de\/wp-content\/uploads\/2024\/03\/WhatsApp-Image-2024-03-18-at-09.30.27-768x576.jpeg 768w, http:\/\/sv-luftfahrt-berlin.de\/wp-content\/uploads\/2024\/03\/WhatsApp-Image-2024-03-18-at-09.30.27-1536x1152.jpeg 1536w, http:\/\/sv-luftfahrt-berlin.de\/wp-content\/uploads\/2024\/03\/WhatsApp-Image-2024-03-18-at-09.30.27.jpeg 1600w\" sizes=\"auto, (max-width: 1024px) 100vw, 1024px\" \/><\/a><\/figure>\n","protected":false},"excerpt":{"rendered":"<p>Am Sonntag waren Felix, Charlotte, Ben, John, Leon, Alex, Tom und Nick beim Spreewaldpokal in L\u00fcbben. Fast jeder unserer Judoka<\/p>\n","protected":false},"author":3,"featured_media":14043,"comment_status":"closed","ping_status":"closed","sticky":false,"template":"","format":"standard","meta":{"colormag_page_container_layout":"default_layout","colormag_page_sidebar_layout":"default_layout","ngg_post_thumbnail":0,"footnotes":""},"categories":[2],"tags":[],"class_list":["post-14041","post","type-post","status-publish","format-standard","has-post-thumbnail","hentry","category-news"],"_links":{"self":[{"href":"http:\/\/sv-luftfahrt-berlin.de\/index.php?rest_route=\/wp\/v2\/posts\/14041","targetHints":{"allow":["GET"]}}],"collection":[{"href":"http:\/\/sv-luftfahrt-berlin.de\/index.php?rest_route=\/wp\/v2\/posts"}],"about":[{"href":"http:\/\/sv-luftfahrt-berlin.de\/index.php?rest_route=\/wp\/v2\/types\/post"}],"author":[{"embeddable":true,"href":"http:\/\/sv-luftfahrt-berlin.de\/index.php?rest_route=\/wp\/v2\/users\/3"}],"replies":[{"embeddable":true,"href":"http:\/\/sv-luftfahrt-berlin.de\/index.php?rest_route=%2Fwp%2Fv2%2Fcomments&post=14041"}],"version-history":[{"count":1,"href":"http:\/\/sv-luftfahrt-berlin.de\/index.php?rest_route=\/wp\/v2\/posts\/14041\/revisions"}],"predecessor-version":[{"id":14044,"href":"http:\/\/sv-luftfahrt-berlin.de\/index.php?rest_route=\/wp\/v2\/posts\/14041\/revisions\/14044"}],"wp:featuredmedia":[{"embeddable":true,"href":"http:\/\/sv-luftfahrt-berlin.de\/index.php?rest_route=\/wp\/v2\/media\/14043"}],"wp:attachment":[{"href":"http:\/\/sv-luftfahrt-berlin.de\/index.php?rest_route=%2Fwp%2Fv2%2Fmedia&parent=14041"}],"wp:term":[{"taxonomy":"category","embeddable":true,"href":"http:\/\/sv-luftfahrt-berlin.de\/index.php?rest_route=%2Fwp%2Fv2%2Fcategories&post=14041"},{"taxonomy":"post_tag","embeddable":true,"href":"http:\/\/sv-luftfahrt-berlin.de\/index.php?rest_route=%2Fwp%2Fv2%2Ftags&post=14041"}],"curies":[{"name":"wp","href":"https:\/\/api.w.org\/{rel}","templated":true}]}}