{"id":14501,"date":"2025-02-02T08:24:03","date_gmt":"2025-02-02T08:24:03","guid":{"rendered":"https:\/\/sv-luftfahrt-berlin.de\/?p=14501"},"modified":"2025-02-02T19:31:50","modified_gmt":"2025-02-02T19:31:50","slug":"25-26-01-2025-bem-u15-und-u18","status":"publish","type":"post","link":"http:\/\/sv-luftfahrt-berlin.de\/?p=14501","title":{"rendered":"25.+26.01.2025 BEM u15 und u18"},"content":{"rendered":"\n<p>Am 25. und 26. Januar haben sich eine ganze Reihe unserer Aktiven bei den Berliner Einzelmeisterschaften der u15 und u18 in der Merlitzhalle gestellt. Das Turnier war stark aufgestellt, sodass Julian, Viv, Thore, Milan und Felix allerhand zu tun hatten in ihren jeweiligen Gewichtsklassen. Felix hat sich nach einem anf\u00e4nglichen D\u00e4mpfer bis zum dritten Platz durchgek\u00e4mpft &#8211; herzlichen Gl\u00fcckwunsch!<\/p>\n<p>Auf und neben der Matte waren dar\u00fcber hinaus Niklas als Trainer und Isabelle, Caren, Celine, Daniel, Robert und Jan als KARI dabei.<\/p>\n\n\n","protected":false},"excerpt":{"rendered":"<p>Am 25. und 26. Januar haben sich eine ganze Reihe unserer Aktiven bei den Berliner Einzelmeisterschaften der u15 und u18<\/p>\n","protected":false},"author":3,"featured_media":0,"comment_status":"closed","ping_status":"closed","sticky":false,"template":"","format":"standard","meta":{"colormag_page_container_layout":"default_layout","colormag_page_sidebar_layout":"default_layout","ngg_post_thumbnail":0,"footnotes":""},"categories":[1],"tags":[],"class_list":["post-14501","post","type-post","status-publish","format-standard","hentry","category-sonstiges"],"_links":{"self":[{"href":"http:\/\/sv-luftfahrt-berlin.de\/index.php?rest_route=\/wp\/v2\/posts\/14501","targetHints":{"allow":["GET"]}}],"collection":[{"href":"http:\/\/sv-luftfahrt-berlin.de\/index.php?rest_route=\/wp\/v2\/posts"}],"about":[{"href":"http:\/\/sv-luftfahrt-berlin.de\/index.php?rest_route=\/wp\/v2\/types\/post"}],"author":[{"embeddable":true,"href":"http:\/\/sv-luftfahrt-berlin.de\/index.php?rest_route=\/wp\/v2\/users\/3"}],"replies":[{"embeddable":true,"href":"http:\/\/sv-luftfahrt-berlin.de\/index.php?rest_route=%2Fwp%2Fv2%2Fcomments&post=14501"}],"version-history":[{"count":2,"href":"http:\/\/sv-luftfahrt-berlin.de\/index.php?rest_route=\/wp\/v2\/posts\/14501\/revisions"}],"predecessor-version":[{"id":14504,"href":"http:\/\/sv-luftfahrt-berlin.de\/index.php?rest_route=\/wp\/v2\/posts\/14501\/revisions\/14504"}],"wp:attachment":[{"href":"http:\/\/sv-luftfahrt-berlin.de\/index.php?rest_route=%2Fwp%2Fv2%2Fmedia&parent=14501"}],"wp:term":[{"taxonomy":"category","embeddable":true,"href":"http:\/\/sv-luftfahrt-berlin.de\/index.php?rest_route=%2Fwp%2Fv2%2Fcategories&post=14501"},{"taxonomy":"post_tag","embeddable":true,"href":"http:\/\/sv-luftfahrt-berlin.de\/index.php?rest_route=%2Fwp%2Fv2%2Ftags&post=14501"}],"curies":[{"name":"wp","href":"https:\/\/api.w.org\/{rel}","templated":true}]}}