{"id":14532,"date":"2025-03-18T19:55:55","date_gmt":"2025-03-18T19:55:55","guid":{"rendered":"https:\/\/sv-luftfahrt-berlin.de\/?p=14532"},"modified":"2025-03-18T19:55:57","modified_gmt":"2025-03-18T19:55:57","slug":"15-03-2025-psv-olympia-fruehjahrsturnier","status":"publish","type":"post","link":"http:\/\/sv-luftfahrt-berlin.de\/?p=14532","title":{"rendered":"15.03.2025 PSV Olympia Fr\u00fchjahrsturnier"},"content":{"rendered":"\n<p>Am Samstag (15.03) war Leon mit 5 Sportlern in der Merlitzhalle beim Fr\u00fchjahrsturnier des PSV Olympia. Mit dabei waren Julian, Florian, Piet, Robert und David. Alle haben sehr gut gek\u00e4mpft! Julian war durch einen Fehler bei der Waage leider in einer Gewichtsklasse eingeordnet, f\u00fcr die er 10 Kilo zu leicht war, konnte sich dennoch gegen die anderen durchsetzen und musste sich nur im letzten Kampf gegen Robert geschlagen geben. Florian musste sich ebenfalls in seinem hart umk\u00e4mpften letzten Kampf knapp geschlagen geben. Somit hatten wir mit den beiden zwei zweite Pl\u00e4tze. Piet, Robert und David setzten sich stark gegen alle ihre Gegner durch und wurden somit alle erster Platz. <\/p>\n\n\n\n<p>Wir bedanken uns bei Leon und den Eltern f\u00fcr die Unterst\u00fctzung und das Anfeuern \ud83d\ude42 <\/p>\n\n\n","protected":false},"excerpt":{"rendered":"<p>Am Samstag (15.03) war Leon mit 5 Sportlern in der Merlitzhalle beim Fr\u00fchjahrsturnier des PSV Olympia. Mit dabei waren Julian,<\/p>\n","protected":false},"author":3,"featured_media":0,"comment_status":"closed","ping_status":"closed","sticky":false,"template":"","format":"standard","meta":{"colormag_page_container_layout":"default_layout","colormag_page_sidebar_layout":"default_layout","ngg_post_thumbnail":0,"footnotes":""},"categories":[6],"tags":[],"class_list":["post-14532","post","type-post","status-publish","format-standard","hentry","category-allgemein"],"_links":{"self":[{"href":"http:\/\/sv-luftfahrt-berlin.de\/index.php?rest_route=\/wp\/v2\/posts\/14532","targetHints":{"allow":["GET"]}}],"collection":[{"href":"http:\/\/sv-luftfahrt-berlin.de\/index.php?rest_route=\/wp\/v2\/posts"}],"about":[{"href":"http:\/\/sv-luftfahrt-berlin.de\/index.php?rest_route=\/wp\/v2\/types\/post"}],"author":[{"embeddable":true,"href":"http:\/\/sv-luftfahrt-berlin.de\/index.php?rest_route=\/wp\/v2\/users\/3"}],"replies":[{"embeddable":true,"href":"http:\/\/sv-luftfahrt-berlin.de\/index.php?rest_route=%2Fwp%2Fv2%2Fcomments&post=14532"}],"version-history":[{"count":1,"href":"http:\/\/sv-luftfahrt-berlin.de\/index.php?rest_route=\/wp\/v2\/posts\/14532\/revisions"}],"predecessor-version":[{"id":14533,"href":"http:\/\/sv-luftfahrt-berlin.de\/index.php?rest_route=\/wp\/v2\/posts\/14532\/revisions\/14533"}],"wp:attachment":[{"href":"http:\/\/sv-luftfahrt-berlin.de\/index.php?rest_route=%2Fwp%2Fv2%2Fmedia&parent=14532"}],"wp:term":[{"taxonomy":"category","embeddable":true,"href":"http:\/\/sv-luftfahrt-berlin.de\/index.php?rest_route=%2Fwp%2Fv2%2Fcategories&post=14532"},{"taxonomy":"post_tag","embeddable":true,"href":"http:\/\/sv-luftfahrt-berlin.de\/index.php?rest_route=%2Fwp%2Fv2%2Ftags&post=14532"}],"curies":[{"name":"wp","href":"https:\/\/api.w.org\/{rel}","templated":true}]}}