{"id":14569,"date":"2025-06-09T11:47:14","date_gmt":"2025-06-09T11:47:14","guid":{"rendered":"https:\/\/sv-luftfahrt-berlin.de\/?p=14569"},"modified":"2025-06-13T16:08:03","modified_gmt":"2025-06-13T16:08:03","slug":"24-25-05-2025-bem-u11-u13","status":"publish","type":"post","link":"http:\/\/sv-luftfahrt-berlin.de\/?p=14569","title":{"rendered":"24.+25.05.2025 BEM u11 + u13"},"content":{"rendered":"\n<p>Am 24.5. fanden im Sportforum die Berliner Einzelmeisterschaften der u11 statt und von uns waren Anton, Jonathan und Piet am Start. Trotz starker K\u00e4mpfe von allen dreien, konnte sich am Ende nur Piet einen dritten Platz erk\u00e4mpfen &#8211; herzlichen Gl\u00fcckwunsch! Am 25.5. starten dann bei der Berliner Einzelmeisterschaft der u13 David und Matteo von uns. Beide stellten sich mit vollem Einsatz ihren Gegnern, f\u00fcr einen Platz auf dem Podest hat es aber (noch) nicht gereicht.<\/p>\n<p>Vielen Dank an unsere Trainer Niklas und Leon, die tatkr\u00e4ftig vom Mattenrand unterst\u00fctzt haben \ud83d\ude42<\/p>\n<p>Au\u00dferdem waren auch zahlreiche KARIs von uns auf und neben der Matte dabei, u.a. Caren, Celine, Daniel, isabelle und Robert.<\/p>\n\n\n\n<figure class=\"wp-block-image size-large\"><a href=\"http:\/\/sv-luftfahrt-berlin.de\/wp-content\/uploads\/2025\/06\/WhatsApp-Image-2025-06-09-at-19.02.08.jpeg\"><img loading=\"lazy\" decoding=\"async\" width=\"1024\" height=\"596\" src=\"http:\/\/sv-luftfahrt-berlin.de\/wp-content\/uploads\/2025\/06\/WhatsApp-Image-2025-06-09-at-19.02.08-1024x596.jpeg\" alt=\"Freudestrahlender Piet nach gewonnenem Kampf\" class=\"wp-image-14575\" srcset=\"http:\/\/sv-luftfahrt-berlin.de\/wp-content\/uploads\/2025\/06\/WhatsApp-Image-2025-06-09-at-19.02.08-1024x596.jpeg 1024w, http:\/\/sv-luftfahrt-berlin.de\/wp-content\/uploads\/2025\/06\/WhatsApp-Image-2025-06-09-at-19.02.08-300x175.jpeg 300w, http:\/\/sv-luftfahrt-berlin.de\/wp-content\/uploads\/2025\/06\/WhatsApp-Image-2025-06-09-at-19.02.08-768x447.jpeg 768w, http:\/\/sv-luftfahrt-berlin.de\/wp-content\/uploads\/2025\/06\/WhatsApp-Image-2025-06-09-at-19.02.08.jpeg 1353w\" sizes=\"auto, (max-width: 1024px) 100vw, 1024px\" \/><\/a><\/figure>\n\n\n","protected":false},"excerpt":{"rendered":"<p>Am 24.5. fanden im Sportforum die Berliner Einzelmeisterschaften der u11 statt und von uns waren Anton, Jonathan und Piet am<\/p>\n","protected":false},"author":3,"featured_media":0,"comment_status":"closed","ping_status":"closed","sticky":false,"template":"","format":"standard","meta":{"colormag_page_container_layout":"default_layout","colormag_page_sidebar_layout":"default_layout","ngg_post_thumbnail":0,"footnotes":""},"categories":[2,1],"tags":[],"class_list":["post-14569","post","type-post","status-publish","format-standard","hentry","category-news","category-sonstiges"],"_links":{"self":[{"href":"http:\/\/sv-luftfahrt-berlin.de\/index.php?rest_route=\/wp\/v2\/posts\/14569","targetHints":{"allow":["GET"]}}],"collection":[{"href":"http:\/\/sv-luftfahrt-berlin.de\/index.php?rest_route=\/wp\/v2\/posts"}],"about":[{"href":"http:\/\/sv-luftfahrt-berlin.de\/index.php?rest_route=\/wp\/v2\/types\/post"}],"author":[{"embeddable":true,"href":"http:\/\/sv-luftfahrt-berlin.de\/index.php?rest_route=\/wp\/v2\/users\/3"}],"replies":[{"embeddable":true,"href":"http:\/\/sv-luftfahrt-berlin.de\/index.php?rest_route=%2Fwp%2Fv2%2Fcomments&post=14569"}],"version-history":[{"count":2,"href":"http:\/\/sv-luftfahrt-berlin.de\/index.php?rest_route=\/wp\/v2\/posts\/14569\/revisions"}],"predecessor-version":[{"id":14577,"href":"http:\/\/sv-luftfahrt-berlin.de\/index.php?rest_route=\/wp\/v2\/posts\/14569\/revisions\/14577"}],"wp:attachment":[{"href":"http:\/\/sv-luftfahrt-berlin.de\/index.php?rest_route=%2Fwp%2Fv2%2Fmedia&parent=14569"}],"wp:term":[{"taxonomy":"category","embeddable":true,"href":"http:\/\/sv-luftfahrt-berlin.de\/index.php?rest_route=%2Fwp%2Fv2%2Fcategories&post=14569"},{"taxonomy":"post_tag","embeddable":true,"href":"http:\/\/sv-luftfahrt-berlin.de\/index.php?rest_route=%2Fwp%2Fv2%2Ftags&post=14569"}],"curies":[{"name":"wp","href":"https:\/\/api.w.org\/{rel}","templated":true}]}}