{"id":14623,"date":"2025-06-29T12:09:53","date_gmt":"2025-06-29T12:09:53","guid":{"rendered":"https:\/\/sv-luftfahrt-berlin.de\/?p=14623"},"modified":"2025-06-29T12:10:59","modified_gmt":"2025-06-29T12:10:59","slug":"28-06-2025-wandertag","status":"publish","type":"post","link":"http:\/\/sv-luftfahrt-berlin.de\/?p=14623","title":{"rendered":"28.06.2025 Wandertag"},"content":{"rendered":"\n<p>Am 28. Juni 2025 haben wir unser Sommerfest mit einem Wandertag verkn\u00fcpft. Nach Wanderung mit der ein oder anderen Badepause ging es bei besten Sommerwetter entlang des M\u00fcggelseeufers nach M\u00fcggelheim. Im Anschluss wurde der Tag entspannt mit einem Grillfest abgeschlossen.<\/p>\n<p>Vielen Dank an alle helfenden H\u00e4nde und insbesondere an Bens Eltern!<\/p>\n\n\n","protected":false},"excerpt":{"rendered":"<p>Am 28. Juni 2025 haben wir unser Sommerfest mit einem Wandertag verkn\u00fcpft. Nach Wanderung mit der ein oder anderen Badepause<\/p>\n","protected":false},"author":3,"featured_media":14624,"comment_status":"closed","ping_status":"closed","sticky":false,"template":"","format":"standard","meta":{"colormag_page_container_layout":"default_layout","colormag_page_sidebar_layout":"default_layout","ngg_post_thumbnail":0,"footnotes":""},"categories":[6],"tags":[],"class_list":["post-14623","post","type-post","status-publish","format-standard","has-post-thumbnail","hentry","category-allgemein"],"_links":{"self":[{"href":"http:\/\/sv-luftfahrt-berlin.de\/index.php?rest_route=\/wp\/v2\/posts\/14623","targetHints":{"allow":["GET"]}}],"collection":[{"href":"http:\/\/sv-luftfahrt-berlin.de\/index.php?rest_route=\/wp\/v2\/posts"}],"about":[{"href":"http:\/\/sv-luftfahrt-berlin.de\/index.php?rest_route=\/wp\/v2\/types\/post"}],"author":[{"embeddable":true,"href":"http:\/\/sv-luftfahrt-berlin.de\/index.php?rest_route=\/wp\/v2\/users\/3"}],"replies":[{"embeddable":true,"href":"http:\/\/sv-luftfahrt-berlin.de\/index.php?rest_route=%2Fwp%2Fv2%2Fcomments&post=14623"}],"version-history":[{"count":2,"href":"http:\/\/sv-luftfahrt-berlin.de\/index.php?rest_route=\/wp\/v2\/posts\/14623\/revisions"}],"predecessor-version":[{"id":14626,"href":"http:\/\/sv-luftfahrt-berlin.de\/index.php?rest_route=\/wp\/v2\/posts\/14623\/revisions\/14626"}],"wp:featuredmedia":[{"embeddable":true,"href":"http:\/\/sv-luftfahrt-berlin.de\/index.php?rest_route=\/wp\/v2\/media\/14624"}],"wp:attachment":[{"href":"http:\/\/sv-luftfahrt-berlin.de\/index.php?rest_route=%2Fwp%2Fv2%2Fmedia&parent=14623"}],"wp:term":[{"taxonomy":"category","embeddable":true,"href":"http:\/\/sv-luftfahrt-berlin.de\/index.php?rest_route=%2Fwp%2Fv2%2Fcategories&post=14623"},{"taxonomy":"post_tag","embeddable":true,"href":"http:\/\/sv-luftfahrt-berlin.de\/index.php?rest_route=%2Fwp%2Fv2%2Ftags&post=14623"}],"curies":[{"name":"wp","href":"https:\/\/api.w.org\/{rel}","templated":true}]}}