{"id":1746,"date":"2013-03-04T01:26:44","date_gmt":"2013-03-03T23:26:44","guid":{"rendered":"http:\/\/www.sv-luftfahrt-berlin.de\/?p=1746"},"modified":"2013-03-04T01:26:44","modified_gmt":"2013-03-03T23:26:44","slug":"erfolgreiche-teilnahme-in-spremberg-und-freital","status":"publish","type":"post","link":"http:\/\/sv-luftfahrt-berlin.de\/?p=1746","title":{"rendered":"Erfolgreiche Teilnahme in Spremberg und Freital"},"content":{"rendered":"<div id=\"mpf0_readMsgBodyContainer\">\n<div id=\"mpf0_MsgContainer\">\n<div>Gleich  auf zwei Ausw\u00e4rtsfahrten waren die K\u00e4mpfer vom SV Luftfahrt an diesem  Wochenende unterwegs. Emma Kohl und Steve D\u00fcsterh\u00f6ft im  brandenburgischen Spremberg und Harshdeep Singh, Alexander Scholz und  Niklas Fink in Freital bei Dresden.<\/div>\n<div><\/div>\n<div>\n<figure id=\"attachment_1747\" aria-describedby=\"caption-attachment-1747\" style=\"width: 210px\" class=\"wp-caption alignleft\"><a href=\"http:\/\/www.sv-luftfahrt-berlin.de\/wp-content\/uploads\/2013\/03\/Stadtwerke-Cup-Spremberg-02-03-2013.jpg\"><img loading=\"lazy\" decoding=\"async\" class=\"size-medium wp-image-1747\" title=\"Stadtwerke Cup Spremberg 02-03-2013\" src=\"http:\/\/www.sv-luftfahrt-berlin.de\/wp-content\/uploads\/2013\/03\/Stadtwerke-Cup-Spremberg-02-03-2013-210x300.jpg\" alt=\"\" width=\"210\" height=\"300\" \/><\/a><figcaption id=\"caption-attachment-1747\" class=\"wp-caption-text\">Emma Kohl und Steve D\u00fcsterh\u00f6ft mit Trainer Jan<\/figcaption><\/figure>\n<\/div>\n<div>Im 1.5h  entfernten Spremberg nahmen \u00fcber 200 Judoka aus 29 Vereinen teil. Viele  davon aus Polen und Tschechien. Statt der 5 geplanten Kampffl\u00e4chen  konnten nur 4 genutzt werden, da nur 4 Kampfrichter zur Verf\u00fcgung  standen.<\/div>\n<div>Mit 20 Starten in seiner Gewichtsklasse konnte Steve sich nicht durchsetzen und schied ohne Platzierung vom Internationalen Stadtwerke Cup Spremberg aus.<\/div>\n<div>Emma hingegen  gewann zwei K\u00e4mpfe mit einem Wurf und einer Festhalte. Im dritten Kampf musste Sie sich der sp\u00e4ter Erstplatzierten der U9 geschlagen geben. Platz 2 f\u00fcr Emma Kohl in der Klasse bis 28kg.<\/div>\n<div>\n<p><!--more-->Parallel traten Nick, Harshdeep und Alex in der U20 des 14. Neujahrsturniers des PSV Freitals an. 3 Kampffl\u00e4chen standen zur Verf\u00fcgung. Viele Vereine aus der Region und Tschechien k\u00e4mpften um die Pokale.<\/p>\n<\/div>\n<div>Unsere Luftfahrer k\u00e4mpften alle in der U20 bis 73kg. Aufgeteilt in zwei 4er Pools standen sich Harshdeep und Alex im ersten Kampf gegen\u00fcber. Alex setzte sich mit einem Ippon durch.<\/div>\n<div>Auch im Kampf um den Einzug ins Halbfinale standen Sich unsere Luftfahrer Alex und Nick gegen\u00fcber.<\/div>\n<div>Hier konnte sich Nick behaupten. Seinen Halbfinalgegner bezwang er mit einem vollen Punkt. Den Kampf um Platz 3 beendete Alex ebenfalls souver\u00e4n und sicherte sich damit einen Platz auf dem Treppchen.<\/div>\n<div>\n<figure id=\"attachment_1748\" aria-describedby=\"caption-attachment-1748\" style=\"width: 392px\" class=\"wp-caption alignright\"><a href=\"http:\/\/www.sv-luftfahrt-berlin.de\/wp-content\/uploads\/2013\/03\/Pokalturnier-PSV-Freital-02-03-2013.jpg\"><img loading=\"lazy\" decoding=\"async\" class=\"size-medium wp-image-1748\" title=\"Pokalturnier PSV Freital 02-03-2013\" src=\"http:\/\/www.sv-luftfahrt-berlin.de\/wp-content\/uploads\/2013\/03\/Pokalturnier-PSV-Freital-02-03-2013-300x225.jpg\" alt=\"\" width=\"392\" height=\"285\" \/><\/a><figcaption id=\"caption-attachment-1748\" class=\"wp-caption-text\">V.l.n.r.: Oliver, Harshdeep, Niklas, Alex und Trainer Henry<\/figcaption><\/figure>\n<\/div>\n<div>Im Finale wartete Paul Bernhardt vom JC Leipzig auf Niklas. \u00dcber die volle Zeit hinweg duellierten sich beide Kontrahenten und machten es sich gegenseitig nicht leicht. Einen unaufmerksamen Augenblick von Nik nutzte der Leipziger aus und holte sich einen halben Punkt.<\/div>\n<div>Dadurch entschied Paul Bernhardt den spannenden Kampf f\u00fcr sich. Platz 2 f\u00fcr Nick nach einem starken Finale.<\/div>\n<div>\n<p>Die Ausw\u00e4rtsfahrten haben sich gelohnt. Auf gutem Niveau konnten Sich unsere jungen Sportler mit Judokas aus anderen Landesverb\u00e4nden messen. Gl\u00fcckwunsch zu den Platzierungen.<\/p>\n<\/div>\n<div>N\u00e4chste Woche gehts auf die Neuk\u00f6lln Open und in drei Wochen nach Belzig. Hoffen wir das die Wettkampfpause dazwischen ausreicht, um neue Kr\u00e4fte zu sammeln und die Zellen neu aufzuladen.<\/div>\n<p>&nbsp;<\/p>\n<div>Vielen Dank an alle Eltern und Betreuer die unsere K\u00e4mpfer auf die Turniere begleitet haben und uns unterst\u00fctzt haben.<\/div>\n<div>\n<p><strong>Oliver Fl\u00fcgel<\/strong><br \/>\nPresse- und \u00d6ffentlichkeitsarbeit<br \/>\nSV Luftfahrt Berlin e.V.<\/p>\n<\/div>\n<\/div>\n<\/div>\n","protected":false},"excerpt":{"rendered":"<p>Gleich auf zwei Ausw\u00e4rtsfahrten waren die K\u00e4mpfer vom SV Luftfahrt an diesem Wochenende unterwegs. Emma Kohl und Steve D\u00fcsterh\u00f6ft im<\/p>\n","protected":false},"author":2,"featured_media":0,"comment_status":"closed","ping_status":"open","sticky":false,"template":"","format":"standard","meta":{"colormag_page_container_layout":"default_layout","colormag_page_sidebar_layout":"default_layout","ngg_post_thumbnail":0,"footnotes":""},"categories":[6,2],"tags":[],"class_list":["post-1746","post","type-post","status-publish","format-standard","hentry","category-allgemein","category-news"],"_links":{"self":[{"href":"http:\/\/sv-luftfahrt-berlin.de\/index.php?rest_route=\/wp\/v2\/posts\/1746","targetHints":{"allow":["GET"]}}],"collection":[{"href":"http:\/\/sv-luftfahrt-berlin.de\/index.php?rest_route=\/wp\/v2\/posts"}],"about":[{"href":"http:\/\/sv-luftfahrt-berlin.de\/index.php?rest_route=\/wp\/v2\/types\/post"}],"author":[{"embeddable":true,"href":"http:\/\/sv-luftfahrt-berlin.de\/index.php?rest_route=\/wp\/v2\/users\/2"}],"replies":[{"embeddable":true,"href":"http:\/\/sv-luftfahrt-berlin.de\/index.php?rest_route=%2Fwp%2Fv2%2Fcomments&post=1746"}],"version-history":[{"count":0,"href":"http:\/\/sv-luftfahrt-berlin.de\/index.php?rest_route=\/wp\/v2\/posts\/1746\/revisions"}],"wp:attachment":[{"href":"http:\/\/sv-luftfahrt-berlin.de\/index.php?rest_route=%2Fwp%2Fv2%2Fmedia&parent=1746"}],"wp:term":[{"taxonomy":"category","embeddable":true,"href":"http:\/\/sv-luftfahrt-berlin.de\/index.php?rest_route=%2Fwp%2Fv2%2Fcategories&post=1746"},{"taxonomy":"post_tag","embeddable":true,"href":"http:\/\/sv-luftfahrt-berlin.de\/index.php?rest_route=%2Fwp%2Fv2%2Ftags&post=1746"}],"curies":[{"name":"wp","href":"https:\/\/api.w.org\/{rel}","templated":true}]}}