{"id":1791,"date":"2013-03-09T21:08:25","date_gmt":"2013-03-09T19:08:25","guid":{"rendered":"http:\/\/www.sv-luftfahrt-berlin.de\/?p=1791"},"modified":"2013-03-09T21:08:25","modified_gmt":"2013-03-09T19:08:25","slug":"1791","status":"publish","type":"post","link":"http:\/\/sv-luftfahrt-berlin.de\/?p=1791","title":{"rendered":"\u00dcberraschende Erfolge f\u00fcr unsere Judoka beim J\u00e4gers-Anf\u00e4ngerturnier"},"content":{"rendered":"<div>Mit 5 K\u00e4mpfern ist Trainer Matthias am Samstag beim 7. J\u00e4gers-Anf\u00e4ngerturnier vom KSC Obi e.V. angetreten. \u00a0Eva Marx, Eva Horn, Emma Kohl,&nbsp;<\/p>\n<figure id=\"attachment_1829\" aria-describedby=\"caption-attachment-1829\" style=\"width: 300px\" class=\"wp-caption alignleft\"><a href=\"http:\/\/www.sv-luftfahrt-berlin.de\/wp-content\/uploads\/2013\/03\/7.-J\u00e4gers-Anf\u00e4ngerturnier-09.03.2013-_-1.jpg\" target=\"_blank\"><img loading=\"lazy\" decoding=\"async\" class=\"size-medium wp-image-1829 \" title=\"7. J\u00e4gers-Anf\u00e4ngerturnier 09.03.2013 _ 1\" src=\"http:\/\/www.sv-luftfahrt-berlin.de\/wp-content\/uploads\/2013\/03\/7.-J\u00e4gers-Anf\u00e4ngerturnier-09.03.2013-_-1-300x225.jpg\" alt=\"\" width=\"300\" height=\"225\" \/><\/a><figcaption id=\"caption-attachment-1829\" class=\"wp-caption-text\">Emma, Eva und Eva pr\u00e4sentieren stolz Ihre Medaillen<\/figcaption><\/figure>\n<p>Johann\u00a0Hertam und Steve D\u00fcsterh\u00f6ft konnten sich in der U9 und U11 ein Pl\u00e4tzchen auf dem Treppchen sichern.<\/p>\n<\/div>\n<div><a href=\"http:\/\/www.sv-luftfahrt-berlin.de\/wp-content\/uploads\/2013\/03\/DSCF1642.jpg\"><\/a><strong>Eva Marx <\/strong>sicherte sich in 2 K\u00e4mpfen mit einem vollen und einem halben Punkt in der U11 bis 33kg Platz 3.<\/div>\n<p><!--more--><\/p>\n<div>Ihre Trainingspartnerin <strong>Eva Horn<\/strong> erk\u00e4mpfte sich einen grossartigen ersten Platz. Obwohl Eva die leichteste in Ihrer Gewichtsklasse war, konnte Sie sowohl im Boden als auch im Stand ihre Kontrahentinnen mit einem vollen Punkt bezwingen.<\/div>\n<div>Auch <strong>Emma<\/strong> befindet sich gerade in einem H\u00f6henflug stand schon wieder auf dem Siegerpodest, diesmal aber ganz oben auf Platz 1. In der 33kg Klasse der U9 gewann sie sowohl am Boden als auch im Stand mit einem vollen Punkt. Spannend war auch der dritte Kampf \u00a0bei dem Sie mit einem halben Punkt zur\u00fcck lag und sich am Ende mit einem H\u00fcftwurf doch noch den Sieg sichern konnte. Auch Emma war die leichteste in Ihrer Gewichtsklasse.<\/div>\n<div>Bei den Jungen \u00fcberraschte Neuzugang <strong>Johann<\/strong> mit einem dritten Platz. Mit nur 6 Jahren und ohne Wettkampferfahrung bestritt er gleich 4 K\u00e4mpfe im Doppel-K.O.-System seiner ersten Wettkampfteilnahme. Der erst seit 3 Monaten aktive\u00a0Judoka verlor seinen ersten Kampf, lies sich davon aber nicht beirren und konterte im zweiten Kampf mit einem sauberen O-Soto-Otoshi. Auch im dritten Kampf holt er sich mit zwei W\u00fcrfen zwei halbe Punkte und entschied den Kampf f\u00fcr sich.<\/div>\n<figure id=\"attachment_1830\" aria-describedby=\"caption-attachment-1830\" style=\"width: 300px\" class=\"wp-caption alignright\"><a href=\"http:\/\/www.sv-luftfahrt-berlin.de\/wp-content\/uploads\/2013\/03\/7.-J\u00e4gers-Anf\u00e4ngerturnier-09.03.2013-_-2.jpg\" target=\"_blank\"><img loading=\"lazy\" decoding=\"async\" class=\"size-medium wp-image-1830  \" title=\"7. J\u00e4gers-Anf\u00e4ngerturnier 09.03.2013 _ 2\" src=\"http:\/\/www.sv-luftfahrt-berlin.de\/wp-content\/uploads\/2013\/03\/7.-J\u00e4gers-Anf\u00e4ngerturnier-09.03.2013-_-2-300x225.jpg\" alt=\"\" width=\"300\" height=\"225\" \/><\/a><figcaption id=\"caption-attachment-1830\" class=\"wp-caption-text\">Johann und Steve mit Trainer Matthias<\/figcaption><\/figure>\n<div>Den wohl spannendsten und 4. Kampf gewann er buchst\u00e4blich in der letzten Sekunde. Der Kampf erstreckte sich \u00fcber die volle Zeit. Johann lag mit zwei \u00a0Verwarnungen zur\u00fcck und wendete das Blatt dann mit dem H\u00fcftwurf O-Goshi zu seinen Gunsten. Mit einem viertel Punkt und 2 Verwarnungen in der Tasche ging Johann als Sieger von der Matte und holte sich im Anschluss seine erste Medaille ab.<\/div>\n<div>\n<div><strong>Steve<\/strong> hingegen konnte sich gegen seine Gegner\u00a0nicht durchsetzen und \u00fcberzeugte nur im ersten Kampf mit einem Sieg. Mit einem Wurf und einer Festhalte am Boden gewann er diesen Kampf mit einem vollen Punkt.<\/div>\n<div>Das Gesamtergebnis ist mehr als zufriedenstellend. Alle jungen Nachwuchsathleten aus Matthias seiner Trainingsgruppe setzten das Erlernte um. Besonders \u00fcberraschend war die Platzierung von Johann. Hervorzuheben ist auch Emma, die erneut durch gute Leistung und flei\u00dfigem Training mit einem ersten Platz belohnt wurde.<\/div>\n<p>&nbsp;<\/p>\n<div><strong>Oliver Fl\u00fcgel<\/strong><\/div>\n<div>Presse- und \u00d6ffentlichkeitsarbeit<br \/>\nSV Luftfahrt Berlin e.V.<\/div>\n<div>\n<p><a href=\"http:\/\/www.sv-luftfahrt-berlin.de\/wp-content\/uploads\/2013\/03\/DSCF1644.jpg\"><\/a><a href=\"http:\/\/www.sv-luftfahrt-berlin.de\/wp-content\/uploads\/2013\/03\/DSCF1644.jpg\"><\/a><\/p>\n<\/div>\n<\/div>\n","protected":false},"excerpt":{"rendered":"<p>Mit 5 K\u00e4mpfern ist Trainer Matthias am Samstag beim 7. J\u00e4gers-Anf\u00e4ngerturnier vom KSC Obi e.V. angetreten. \u00a0Eva Marx, Eva Horn,<\/p>\n","protected":false},"author":2,"featured_media":0,"comment_status":"closed","ping_status":"open","sticky":false,"template":"","format":"standard","meta":{"colormag_page_container_layout":"default_layout","colormag_page_sidebar_layout":"default_layout","ngg_post_thumbnail":0,"footnotes":""},"categories":[6,2],"tags":[],"class_list":["post-1791","post","type-post","status-publish","format-standard","hentry","category-allgemein","category-news"],"_links":{"self":[{"href":"http:\/\/sv-luftfahrt-berlin.de\/index.php?rest_route=\/wp\/v2\/posts\/1791","targetHints":{"allow":["GET"]}}],"collection":[{"href":"http:\/\/sv-luftfahrt-berlin.de\/index.php?rest_route=\/wp\/v2\/posts"}],"about":[{"href":"http:\/\/sv-luftfahrt-berlin.de\/index.php?rest_route=\/wp\/v2\/types\/post"}],"author":[{"embeddable":true,"href":"http:\/\/sv-luftfahrt-berlin.de\/index.php?rest_route=\/wp\/v2\/users\/2"}],"replies":[{"embeddable":true,"href":"http:\/\/sv-luftfahrt-berlin.de\/index.php?rest_route=%2Fwp%2Fv2%2Fcomments&post=1791"}],"version-history":[{"count":0,"href":"http:\/\/sv-luftfahrt-berlin.de\/index.php?rest_route=\/wp\/v2\/posts\/1791\/revisions"}],"wp:attachment":[{"href":"http:\/\/sv-luftfahrt-berlin.de\/index.php?rest_route=%2Fwp%2Fv2%2Fmedia&parent=1791"}],"wp:term":[{"taxonomy":"category","embeddable":true,"href":"http:\/\/sv-luftfahrt-berlin.de\/index.php?rest_route=%2Fwp%2Fv2%2Fcategories&post=1791"},{"taxonomy":"post_tag","embeddable":true,"href":"http:\/\/sv-luftfahrt-berlin.de\/index.php?rest_route=%2Fwp%2Fv2%2Ftags&post=1791"}],"curies":[{"name":"wp","href":"https:\/\/api.w.org\/{rel}","templated":true}]}}