{"id":1842,"date":"2013-03-23T20:23:16","date_gmt":"2013-03-23T18:23:16","guid":{"rendered":"http:\/\/www.sv-luftfahrt-berlin.de\/?p=1842"},"modified":"2013-03-23T20:23:16","modified_gmt":"2013-03-23T18:23:16","slug":"15-pokalturnier-bad-belzig","status":"publish","type":"post","link":"http:\/\/sv-luftfahrt-berlin.de\/?p=1842","title":{"rendered":"15. Pokalturnier Bad Belzig"},"content":{"rendered":"<p>Auch dieses Jahr traten wir den Weg in das 11.000 Einwohner St\u00e4dtchen Bad Belzig an, um uns einen der sch\u00f6nen Pokale zu sichern. Am Ende waren es 2 Pokale, um so mehr hat es sich gelohnt wieder quer durch die Mittelmark zu fahren. Von 643 Startern und 61 Vereinen reiste der SV Luftfahrt mit 5 K\u00e4mpfern in die ca. 110km entfernte Kurstadt an.<\/p>\n<figure id=\"attachment_1843\" aria-describedby=\"caption-attachment-1843\" style=\"width: 206px\" class=\"wp-caption alignright\"><a style=\"text-align: center; background-color: #f3f3f3;\" href=\"http:\/\/www.sv-luftfahrt-berlin.de\/wp-content\/uploads\/2013\/03\/23.03.2013-15.-Pokalturnier-Bad-Belzig-1-Kopie.jpg\" target=\"_blank\"><img loading=\"lazy\" decoding=\"async\" class=\"size-full wp-image-1843   \" style=\"border-style: none; margin: 0px; padding: 0px;\" title=\"23.03.2013 15. Pokalturnier Bad Belzig\" src=\"http:\/\/www.sv-luftfahrt-berlin.de\/wp-content\/uploads\/2013\/03\/23.03.2013-15.-Pokalturnier-Bad-Belzig-1-Kopie.jpg\" alt=\"23.03.2013 15. Pokalturnier Bad Belzig\" width=\"206\" height=\"277\" \/><\/a><figcaption id=\"caption-attachment-1843\" class=\"wp-caption-text\">Tom-Louis mit Trainerassistent Alex<\/figcaption><\/figure>\n<p>Bereits morgens hatte der j\u00fcngste K\u00e4mpfer von uns\u00a0<strong>Tom-Louis<\/strong> seinen Auftritt, da die U14 schon um 8Uhr mit wiegen begonnen hat. Trainerassistent und erfahrener Wettk\u00e4mpfer Alex unterst\u00fctzte Ihn w\u00e4hrend des Wettkampfes und gab ihm wertvolle Tipps. In der 31Kg Klasse konnte Tom-Louis sich als <!--more-->j\u00fcngster und leichtester Teilnehmer trotzdem noch ein Platz auf dem Treppchen sichern. In seinem ersten Kampf holte er sich mit einem sch\u00f6nen Fu\u00dfwurf einen vollen Punkt und ging als Sieger von der Matte. Mit 2 halben Punkten im n\u00e4chsten Kampf, musste er sich dem Gegner geschlagen geben und zog somit in die Trostrunde des Doppel-K.O.-Systems ein. Im Kampf um Platz 3 hatte er souver\u00e4n dominiert. Allerdings hat sein Gegner sehr passiv gek\u00e4mpft und konnte nur durch viel Gl\u00fcck eine technische Wertung erzielen, so dass die gute Leistung von Tom-Louis am Ende nur mit einem 5. Platz belohnt wurde.<\/p>\n<figure id=\"attachment_1846\" aria-describedby=\"caption-attachment-1846\" style=\"width: 179px\" class=\"wp-caption alignleft\"><a style=\"text-align: center; background-color: #f3f3f3;\" href=\"http:\/\/www.sv-luftfahrt-berlin.de\/wp-content\/uploads\/2013\/03\/23.03.2013-15.-Pokalturnier-Bad-Belzig-4-Kopie.jpg\" target=\"_blank\"><img loading=\"lazy\" decoding=\"async\" class=\"size-full wp-image-1846  \" style=\"border-style: none; margin: 0px; padding: 0px;\" title=\"23.03.2013 15. Pokalturnier Bad Belzig\" src=\"http:\/\/www.sv-luftfahrt-berlin.de\/wp-content\/uploads\/2013\/03\/23.03.2013-15.-Pokalturnier-Bad-Belzig-4-Kopie.jpg\" alt=\"23.03.2013 15. Pokalturnier Bad Belzig\" width=\"179\" height=\"277\" \/><\/a><figcaption id=\"caption-attachment-1846\" class=\"wp-caption-text\">Pokal vom 15. Pokalturnier Bad Belzig<\/figcaption><\/figure>\n<p>In der n\u00e4chst h\u00f6heren Altersklasse U17 war <strong>Leon<\/strong> ebenso der J\u00fcngste. Leon war zwar ein einen Kopf kleiner, aber dominierend im Stand, konnte sein Gegner weder einen Punkt erzielen, noch kam er zum Wurfansatz. Nur durch einen missgl\u00fcckten Wurf von Leon, gelang es dem Gegner am Boden eine W\u00fcrge anzusetzen und Leon zum aufgeben zu zwingen. Auch in der Trostrunde verfolgte ihn das Pech und zwang ihn abermals zum aufgeben durch eine W\u00fcrge . Auch ohne Platzierung hat Leon sich gegen seine \u00c4lteren und schwereren Gegner behaupten k\u00f6nnen und Durchhalteverm\u00f6gen bewiesen.<\/p>\n<p>Fast 2000 Besucher k\u00e4mpften oder schauten an diesem Wochenende beim Pokalturnier zu.<\/p>\n<figure style=\"width: 208px\" class=\"wp-caption alignright\"><a href=\"http:\/\/www.sv-luftfahrt-berlin.de\/wp-content\/uploads\/2013\/03\/23.03.2013-15.-Pokalturnier-Bad-Belzig-3-Kopie.jpg\" target=\"_blank\"><img loading=\"lazy\" decoding=\"async\" class=\" \" title=\"23.03.2013 15. Pokalturnier Bad Belzig\" src=\"http:\/\/www.sv-luftfahrt-berlin.de\/wp-content\/uploads\/2013\/03\/23.03.2013-15.-Pokalturnier-Bad-Belzig-3-Kopie.jpg\" alt=\"23.03.2013 15. Pokalturnier Bad Belzig\" width=\"208\" height=\"277\" \/><\/a><figcaption class=\"wp-caption-text\">Siegerehrung auf dem 15. Pokalturnier in Bad Belzig<\/figcaption><\/figure>\n<p>Motiviert und mit guter Laune gingen <strong>Harshdeep<\/strong>, <strong>Alex<\/strong> und <strong>Niklas<\/strong> in den Wettkampf. Wie auch schon in <a title=\"Erfolgreiche Teilnahme in Spremberg und Freital\" href=\"http:\/\/www.sv-luftfahrt-berlin.de\/?p=1746\" target=\"_blank\">Freital<\/a> starteten alle drei in der gleichen Gewichtsklasse bis 73kg. Insgesamt war die Klasse in der U20 mit 7 Judoka besetzt. Sowohl <strong>Niklas<\/strong> (Voller Punkt durch einen Wurf) und <strong>Harshdeep<\/strong> (Voller Punkt durch eine W\u00fcrge) gewannen Ihren ersten Kampf souver\u00e4n und standen sich im Halbfinale gegen\u00fcber. Hier hatte Niklas die bessere Tagesform und setzte sich in einem interessanten Kampf gegen seinen Vereinskameraden durch. Damit qualifizierte er sich f\u00fcr das Finale. <strong>Alex <\/strong>stand mit seinem Freilos direkt im Halbfinale, unterlag aber dem sp\u00e4teren Finalisten Hendrik Marx von den Sportfreunden Kladow.<br \/>\nDie Trostrunde nutzte <strong>Harshdeep<\/strong> um noch mal alles zu geben und sicherte sich noch den dritten Platz. <strong>Alex<\/strong> allerdings konnte nicht auf Bestform kommen und verpasste nur ganz knapp den dritten Platz. Ein f\u00fcnfter Platz war ihm aber dennoch sicher und ein kleines Trostpflaster daf\u00fcr, dass er schon so fr\u00fch am Morgen als Motivator und Trainer mit angereist war.<br \/>\nIn einem spannenden Finale k\u00e4mpften die beiden Berliner <strong>Niklas<\/strong> und Hendrik um Gold. Fast zum Ende der Kampfzeit erst, holte sich Niklas mit einem sauberen Wurf den vollen Punkt und stand damit auf dem Siegespodest ganz oben.<\/p>\n<figure style=\"width: 250px\" class=\"wp-caption alignleft\"><a href=\"http:\/\/www.sv-luftfahrt-berlin.de\/wp-content\/uploads\/2013\/03\/23.03.2013-15.-Pokalturnier-Bad-Belzig-2-Kopie.jpg\" target=\"_blank\"><img loading=\"lazy\" decoding=\"async\" class=\"  \" title=\"23.03.2013 15. Pokalturnier Bad Belzig\" src=\"http:\/\/www.sv-luftfahrt-berlin.de\/wp-content\/uploads\/2013\/03\/23.03.2013-15.-Pokalturnier-Bad-Belzig-2-Kopie.jpg\" alt=\"23.03.2013 15. Pokalturnier Bad Belzig\" width=\"250\" height=\"332\" \/><\/a><figcaption class=\"wp-caption-text\">Alex, Nick, Harshdeep, Leon und der Toto<\/figcaption><\/figure>\n<p>Alle K\u00e4mpfer haben Ihr bestes gegeben und wurden auch entsprechend belohnt. Auch wenn es f\u00fcr den einen oder anderen nicht gereicht hat, konnte die Unterst\u00fctzung aller mitgefahrenen Luftfahrer zu einer super Stimmung im Team beitragen. So machen die Ausw\u00e4rtsfahrten Spa\u00df, auch wenn man ohne Medaille nach Hause f\u00e4hrt. Gl\u00fcckwunsch an alle Teilnehmer und danke an Alex f\u00fcr die Unterst\u00fctzung unseres j\u00fcngsten Teilnehmers Tom-Louis.<\/p>\n<p>Download: <a title=\"Ergebnisse der Einzelplatzierungen\" href=\"http:\/\/www.sv-luftfahrt-berlin.de\/wp-content\/uploads\/2013\/03\/Platzierungen-beim-15.-Bad-Belziger-Pokalturnier-am-23.03.2013.pdf\" target=\"_blank\">Platzierungen beim 15. Bad Belziger Pokalturnier am 23.03.2013<\/a><\/p>\n<p>&nbsp;<\/p>\n<p>&nbsp;<\/p>\n<p style=\"text-align: right;\"><strong>Oliver Fl\u00fcgel<\/strong><br \/>\nPresse- und \u00d6ffentlichkeitsarbeit<br \/>\nSV Luftfahrt Berlin e.V.<\/p>\n<p>&nbsp;<\/p>\n","protected":false},"excerpt":{"rendered":"<p>Auch dieses Jahr traten wir den Weg in das 11.000 Einwohner St\u00e4dtchen Bad Belzig an, um uns einen der sch\u00f6nen<\/p>\n","protected":false},"author":2,"featured_media":0,"comment_status":"closed","ping_status":"open","sticky":false,"template":"","format":"standard","meta":{"colormag_page_container_layout":"default_layout","colormag_page_sidebar_layout":"default_layout","ngg_post_thumbnail":0,"footnotes":""},"categories":[6,2],"tags":[],"class_list":["post-1842","post","type-post","status-publish","format-standard","hentry","category-allgemein","category-news"],"_links":{"self":[{"href":"http:\/\/sv-luftfahrt-berlin.de\/index.php?rest_route=\/wp\/v2\/posts\/1842","targetHints":{"allow":["GET"]}}],"collection":[{"href":"http:\/\/sv-luftfahrt-berlin.de\/index.php?rest_route=\/wp\/v2\/posts"}],"about":[{"href":"http:\/\/sv-luftfahrt-berlin.de\/index.php?rest_route=\/wp\/v2\/types\/post"}],"author":[{"embeddable":true,"href":"http:\/\/sv-luftfahrt-berlin.de\/index.php?rest_route=\/wp\/v2\/users\/2"}],"replies":[{"embeddable":true,"href":"http:\/\/sv-luftfahrt-berlin.de\/index.php?rest_route=%2Fwp%2Fv2%2Fcomments&post=1842"}],"version-history":[{"count":0,"href":"http:\/\/sv-luftfahrt-berlin.de\/index.php?rest_route=\/wp\/v2\/posts\/1842\/revisions"}],"wp:attachment":[{"href":"http:\/\/sv-luftfahrt-berlin.de\/index.php?rest_route=%2Fwp%2Fv2%2Fmedia&parent=1842"}],"wp:term":[{"taxonomy":"category","embeddable":true,"href":"http:\/\/sv-luftfahrt-berlin.de\/index.php?rest_route=%2Fwp%2Fv2%2Fcategories&post=1842"},{"taxonomy":"post_tag","embeddable":true,"href":"http:\/\/sv-luftfahrt-berlin.de\/index.php?rest_route=%2Fwp%2Fv2%2Ftags&post=1842"}],"curies":[{"name":"wp","href":"https:\/\/api.w.org\/{rel}","templated":true}]}}