{"id":2059,"date":"2013-05-28T00:26:03","date_gmt":"2013-05-27T22:26:03","guid":{"rendered":"http:\/\/www.sv-luftfahrt-berlin.de\/?p=2059"},"modified":"2013-05-28T00:26:03","modified_gmt":"2013-05-27T22:26:03","slug":"gurtelprufungen-hervorragend-abgeschlossen","status":"publish","type":"post","link":"http:\/\/sv-luftfahrt-berlin.de\/?p=2059","title":{"rendered":"G\u00fcrtelpr\u00fcfungen hervorragend abgeschlossen"},"content":{"rendered":"<p>Am Sonntag den 26.05.2013 stellten sich Alex, Harshdeep und Max der Pr\u00fcfungskommission f\u00fcr den 1.Kyu (Brauner G\u00fcrtel). Von allen teilnehmenden Judoka haben die Luftfahrer am Besten abgeschlossen und alle Anforderungen in Theorie und Praxis \u00fcberdurchschnittlich erf\u00fcllt.<\/p>\n<figure id=\"attachment_2060\" aria-describedby=\"caption-attachment-2060\" style=\"width: 779px\" class=\"wp-caption aligncenter\"><a href=\"http:\/\/www.sv-luftfahrt-berlin.de\/wp-content\/uploads\/2013\/05\/Kyupr\u00fcfung-27-05-2013.jpg\" target=\"_blank\"><img loading=\"lazy\" decoding=\"async\" class=\"size-large wp-image-2060\" title=\"Kyupr\u00fcfung 27-05-2013\" src=\"http:\/\/www.sv-luftfahrt-berlin.de\/wp-content\/uploads\/2013\/05\/Kyupr\u00fcfung-27-05-2013-1024x745.jpg\" alt=\"\" width=\"779\" height=\"566\" \/><\/a><figcaption id=\"caption-attachment-2060\" class=\"wp-caption-text\">Stolz pr\u00e4sentieren die Trainer Henry und Jan Ihr Judoka nach den bestandenen Pr\u00fcfungen<\/figcaption><\/figure>\n<p>Vor den Pr\u00fcfern Daniel Wernicke und Jan Kretzschmar, legte Niklas am gleichen Tag seine Pr\u00fcfung f\u00fcr den 2.Kyu (Blauer G\u00fcrtel) im heimischen Dojo ab.<\/p>\n<p>Herzlichen Gl\u00fcckwunsch zur bestandenen Pr\u00fcfung.<\/p>\n<p>&nbsp;<\/p>\n<p><strong>Oliver Fl\u00fcgel<\/strong><br \/>\nPresse- und \u00d6ffentlichkeitsarbeit<br \/>\nSV Luftfahrt Berlin e.V.<\/p>\n","protected":false},"excerpt":{"rendered":"<p>Am Sonntag den 26.05.2013 stellten sich Alex, Harshdeep und Max der Pr\u00fcfungskommission f\u00fcr den 1.Kyu (Brauner G\u00fcrtel). Von allen teilnehmenden<\/p>\n","protected":false},"author":2,"featured_media":0,"comment_status":"closed","ping_status":"open","sticky":false,"template":"","format":"standard","meta":{"colormag_page_container_layout":"default_layout","colormag_page_sidebar_layout":"default_layout","ngg_post_thumbnail":0,"footnotes":""},"categories":[6,2],"tags":[],"class_list":["post-2059","post","type-post","status-publish","format-standard","hentry","category-allgemein","category-news"],"_links":{"self":[{"href":"http:\/\/sv-luftfahrt-berlin.de\/index.php?rest_route=\/wp\/v2\/posts\/2059","targetHints":{"allow":["GET"]}}],"collection":[{"href":"http:\/\/sv-luftfahrt-berlin.de\/index.php?rest_route=\/wp\/v2\/posts"}],"about":[{"href":"http:\/\/sv-luftfahrt-berlin.de\/index.php?rest_route=\/wp\/v2\/types\/post"}],"author":[{"embeddable":true,"href":"http:\/\/sv-luftfahrt-berlin.de\/index.php?rest_route=\/wp\/v2\/users\/2"}],"replies":[{"embeddable":true,"href":"http:\/\/sv-luftfahrt-berlin.de\/index.php?rest_route=%2Fwp%2Fv2%2Fcomments&post=2059"}],"version-history":[{"count":0,"href":"http:\/\/sv-luftfahrt-berlin.de\/index.php?rest_route=\/wp\/v2\/posts\/2059\/revisions"}],"wp:attachment":[{"href":"http:\/\/sv-luftfahrt-berlin.de\/index.php?rest_route=%2Fwp%2Fv2%2Fmedia&parent=2059"}],"wp:term":[{"taxonomy":"category","embeddable":true,"href":"http:\/\/sv-luftfahrt-berlin.de\/index.php?rest_route=%2Fwp%2Fv2%2Fcategories&post=2059"},{"taxonomy":"post_tag","embeddable":true,"href":"http:\/\/sv-luftfahrt-berlin.de\/index.php?rest_route=%2Fwp%2Fv2%2Ftags&post=2059"}],"curies":[{"name":"wp","href":"https:\/\/api.w.org\/{rel}","templated":true}]}}