{"id":2087,"date":"2013-06-09T16:25:57","date_gmt":"2013-06-09T14:25:57","guid":{"rendered":"http:\/\/www.sv-luftfahrt-berlin.de\/?p=2087"},"modified":"2013-06-09T16:25:57","modified_gmt":"2013-06-09T14:25:57","slug":"klein-olympia-und-tuzla-cup","status":"publish","type":"post","link":"http:\/\/sv-luftfahrt-berlin.de\/?p=2087","title":{"rendered":"Klein Olympia und Tuzla Cup 2013"},"content":{"rendered":"<div>Bei Klein Olympia haben die M\u00e4dchen vom SV Luftfahrt alle den ersten Platz gemacht. Emma lies ihren Gegnerinnen keine Chance und gewann jeden Kampf nach kurzer Zeit mit einem vollem Punkt.<\/div>\n<div>\n<figure id=\"attachment_2088\" aria-describedby=\"caption-attachment-2088\" style=\"width: 230px\" class=\"wp-caption alignright\"><a href=\"http:\/\/www.sv-luftfahrt-berlin.de\/wp-content\/uploads\/2013\/06\/Klein-Olympia-2013-1.jpg\" target=\"_blank\"><img loading=\"lazy\" decoding=\"async\" class=\"size-full wp-image-2088   \" title=\"Klein Olympia 2013 1\" src=\"http:\/\/www.sv-luftfahrt-berlin.de\/wp-content\/uploads\/2013\/06\/Klein-Olympia-2013-1.jpg\" alt=\"Klein Olympia 2013\" width=\"230\" height=\"173\" \/><\/a><figcaption id=\"caption-attachment-2088\" class=\"wp-caption-text\">Trainer Jan und Matthias mit den beiden Evas<\/figcaption><\/figure>\n<p>&nbsp;<\/p>\n<p>Auch die beiden Evas gewannen ihre K\u00e4mpfe sowohl im Stand als auch im Boden und wendeten das im Training gelernte sauber an. Tom Louis war der leichteste in seiner Gewichtsklasse, konnte sich aber dennoch Platz 3 erk\u00e4mpfen.<\/p>\n<\/div>\n<div>\n<figure id=\"attachment_2089\" aria-describedby=\"caption-attachment-2089\" style=\"width: 230px\" class=\"wp-caption alignleft\"><a href=\"http:\/\/www.sv-luftfahrt-berlin.de\/wp-content\/uploads\/2013\/06\/Klein-Olympia-2013-2.jpg\" target=\"_blank\"><img loading=\"lazy\" decoding=\"async\" class=\"size-full wp-image-2089  \" title=\"Klein Olympia 2013 2\" src=\"http:\/\/www.sv-luftfahrt-berlin.de\/wp-content\/uploads\/2013\/06\/Klein-Olympia-2013-2.jpg\" alt=\"Klein Olympia 2013\" width=\"230\" height=\"173\" \/><\/a><figcaption id=\"caption-attachment-2089\" class=\"wp-caption-text\">Emma auf Platz 1 bei Klein Olympia 2013<\/figcaption><\/figure>\n<\/div>\n<p>&nbsp;<\/p>\n<p>&nbsp;<\/p>\n<p>&nbsp;<\/p>\n<p>Unsere Judoka Niklas und Clara k\u00e4mpften parallel auf dem Tuzla Cup in der U18. Auf dem Turnier des ACB Berlin, an dem auch der Jugendkader der Deutschen Nationalmannschaft teil nahm, konnte die unerfahrenen Wettk\u00e4mpferin Clara durch eine klasse Kontertechnik einen Kampf f\u00fcr sich entscheiden. Ansonsten hat es f\u00fcr keine Platzierung gereicht.<\/p>\n<p>&nbsp;<\/p>\n<p>&nbsp;<\/p>\n<p><strong>Oliver Fl\u00fcgel<\/strong><br \/>\nPresse- und \u00d6ffentlichkeitsarbeit<br \/>\nSV Luftfahrt Berlin e.V.<\/p>\n<p>&nbsp;<\/p>\n","protected":false},"excerpt":{"rendered":"<p>Bei Klein Olympia haben die M\u00e4dchen vom SV Luftfahrt alle den ersten Platz gemacht. Emma lies ihren Gegnerinnen keine Chance<\/p>\n","protected":false},"author":2,"featured_media":0,"comment_status":"closed","ping_status":"open","sticky":false,"template":"","format":"standard","meta":{"colormag_page_container_layout":"default_layout","colormag_page_sidebar_layout":"default_layout","ngg_post_thumbnail":0,"footnotes":""},"categories":[6,2],"tags":[],"class_list":["post-2087","post","type-post","status-publish","format-standard","hentry","category-allgemein","category-news"],"_links":{"self":[{"href":"http:\/\/sv-luftfahrt-berlin.de\/index.php?rest_route=\/wp\/v2\/posts\/2087","targetHints":{"allow":["GET"]}}],"collection":[{"href":"http:\/\/sv-luftfahrt-berlin.de\/index.php?rest_route=\/wp\/v2\/posts"}],"about":[{"href":"http:\/\/sv-luftfahrt-berlin.de\/index.php?rest_route=\/wp\/v2\/types\/post"}],"author":[{"embeddable":true,"href":"http:\/\/sv-luftfahrt-berlin.de\/index.php?rest_route=\/wp\/v2\/users\/2"}],"replies":[{"embeddable":true,"href":"http:\/\/sv-luftfahrt-berlin.de\/index.php?rest_route=%2Fwp%2Fv2%2Fcomments&post=2087"}],"version-history":[{"count":0,"href":"http:\/\/sv-luftfahrt-berlin.de\/index.php?rest_route=\/wp\/v2\/posts\/2087\/revisions"}],"wp:attachment":[{"href":"http:\/\/sv-luftfahrt-berlin.de\/index.php?rest_route=%2Fwp%2Fv2%2Fmedia&parent=2087"}],"wp:term":[{"taxonomy":"category","embeddable":true,"href":"http:\/\/sv-luftfahrt-berlin.de\/index.php?rest_route=%2Fwp%2Fv2%2Fcategories&post=2087"},{"taxonomy":"post_tag","embeddable":true,"href":"http:\/\/sv-luftfahrt-berlin.de\/index.php?rest_route=%2Fwp%2Fv2%2Ftags&post=2087"}],"curies":[{"name":"wp","href":"https:\/\/api.w.org\/{rel}","templated":true}]}}