{"id":2099,"date":"2013-06-17T00:44:49","date_gmt":"2013-06-16T22:44:49","guid":{"rendered":"http:\/\/www.sv-luftfahrt-berlin.de\/?p=2099"},"modified":"2013-06-17T00:44:49","modified_gmt":"2013-06-16T22:44:49","slug":"erste-hilfe-am-kind","status":"publish","type":"post","link":"http:\/\/sv-luftfahrt-berlin.de\/?p=2099","title":{"rendered":"Erste Hilfe am Kind"},"content":{"rendered":"<p>Vorbereitend f\u00fcr das kommende Trainingslager absolvierten wir einen Erste Hilfe Kurs speziell f\u00fcr Kinder. Hier wurden nicht nur die aktuellen Techniken f\u00fcr die stabile Seitenlage und Wiederbelebungsma\u00dfnahmen vermittelt, sondern auch der richtige Umgang mit Kindern in Notfallsituationen.<\/p>\n<p><a style=\"text-align: center;\" href=\"http:\/\/www.sv-luftfahrt-berlin.de\/wp-content\/uploads\/2013\/06\/IMG_1967.jpg\" target=\"_blank\"><img loading=\"lazy\" decoding=\"async\" class=\"aligncenter size-full wp-image-2103\" title=\"IMG_1967\" src=\"http:\/\/www.sv-luftfahrt-berlin.de\/wp-content\/uploads\/2013\/06\/IMG_1967.jpg\" alt=\"Erste Hilfe Kurs am Kind\" width=\"270\" height=\"360\" \/><\/a><\/p>\n<p><!--more-->F\u00fcr die Erstversorgung von Wunden \u00fcbten wir\u00a0das richtige Anlegen von Verb\u00e4nden und Kompressen\u00a0oder auch das richtige K\u00fchlen nach Insektenstichen oder Schwellungen. In dem am Samstag und Sonntag jeweils 6-st\u00fcndigen Kurs, lernten wir auch das Versorgen von Sportverletzungen und die richtige Lage von K\u00f6rpern und K\u00f6rperteilen f\u00fcr das Ruhigstellen.\u00a0Auch das richtige Verhalten in den einzelnen Schritten des Notfallfahrplans wurde uns gelehrt. Ausgestattet mit diesem R\u00fcstzeug sind wir auf das Trainingslager im Sommer gut vorbereitet.<\/p>\n<p>Teilnehmer: Oliver, Matthias, Rosa, Clara, Kim und Emmy.<\/p>\n<p style=\"text-align: center;\">&nbsp;<\/p>\n<p style=\"text-align: center;\"><a href=\"http:\/\/www.sv-luftfahrt-berlin.de\/wp-content\/uploads\/2013\/06\/IMG_1970.jpg\" target=\"_blank\"><img loading=\"lazy\" decoding=\"async\" class=\"aligncenter size-full wp-image-2105\" title=\"IMG_1970\" src=\"http:\/\/www.sv-luftfahrt-berlin.de\/wp-content\/uploads\/2013\/06\/IMG_1970.jpg\" alt=\"Erste Hilfe Kurs am Kind\" width=\"269\" height=\"360\" \/><\/a><\/p>\n<p style=\"text-align: center;\"><a href=\"http:\/\/www.sv-luftfahrt-berlin.de\/wp-content\/uploads\/2013\/06\/IMG_1969.jpg\" target=\"_blank\"><img loading=\"lazy\" decoding=\"async\" class=\"aligncenter size-full wp-image-2104\" title=\"IMG_1969\" src=\"http:\/\/www.sv-luftfahrt-berlin.de\/wp-content\/uploads\/2013\/06\/IMG_1969.jpg\" alt=\"Erste Hilfe Kurs am Kind\" width=\"269\" height=\"360\" \/><\/a><\/p>\n<p style=\"text-align: center;\"><a href=\"http:\/\/www.sv-luftfahrt-berlin.de\/wp-content\/uploads\/2013\/06\/IMG_1971.jpg\" target=\"_blank\"><img loading=\"lazy\" decoding=\"async\" class=\"aligncenter size-full wp-image-2106\" title=\"IMG_1971\" src=\"http:\/\/www.sv-luftfahrt-berlin.de\/wp-content\/uploads\/2013\/06\/IMG_1971.jpg\" alt=\"\" width=\"269\" height=\"360\" \/><\/a><\/p>\n<p style=\"text-align: center;\"><a href=\"http:\/\/www.sv-luftfahrt-berlin.de\/wp-content\/uploads\/2013\/06\/IMG_1972.jpg\" target=\"_blank\"><img loading=\"lazy\" decoding=\"async\" class=\"aligncenter size-full wp-image-2107\" title=\"IMG_1972\" src=\"http:\/\/www.sv-luftfahrt-berlin.de\/wp-content\/uploads\/2013\/06\/IMG_1972.jpg\" alt=\"\" width=\"269\" height=\"360\" \/><\/a><\/p>\n<p>&nbsp;<\/p>\n<p><strong>Oliver Fl\u00fcgel<\/strong><br \/>\nPresse- und \u00d6ffentlichkeitsarbeit<br \/>\nSV Luftfahrt Berlin e.V.<\/p>\n","protected":false},"excerpt":{"rendered":"<p>Vorbereitend f\u00fcr das kommende Trainingslager absolvierten wir einen Erste Hilfe Kurs speziell f\u00fcr Kinder. Hier wurden nicht nur die aktuellen<\/p>\n","protected":false},"author":2,"featured_media":0,"comment_status":"closed","ping_status":"open","sticky":false,"template":"","format":"standard","meta":{"colormag_page_container_layout":"default_layout","colormag_page_sidebar_layout":"default_layout","ngg_post_thumbnail":0,"footnotes":""},"categories":[6,2],"tags":[],"class_list":["post-2099","post","type-post","status-publish","format-standard","hentry","category-allgemein","category-news"],"_links":{"self":[{"href":"http:\/\/sv-luftfahrt-berlin.de\/index.php?rest_route=\/wp\/v2\/posts\/2099","targetHints":{"allow":["GET"]}}],"collection":[{"href":"http:\/\/sv-luftfahrt-berlin.de\/index.php?rest_route=\/wp\/v2\/posts"}],"about":[{"href":"http:\/\/sv-luftfahrt-berlin.de\/index.php?rest_route=\/wp\/v2\/types\/post"}],"author":[{"embeddable":true,"href":"http:\/\/sv-luftfahrt-berlin.de\/index.php?rest_route=\/wp\/v2\/users\/2"}],"replies":[{"embeddable":true,"href":"http:\/\/sv-luftfahrt-berlin.de\/index.php?rest_route=%2Fwp%2Fv2%2Fcomments&post=2099"}],"version-history":[{"count":0,"href":"http:\/\/sv-luftfahrt-berlin.de\/index.php?rest_route=\/wp\/v2\/posts\/2099\/revisions"}],"wp:attachment":[{"href":"http:\/\/sv-luftfahrt-berlin.de\/index.php?rest_route=%2Fwp%2Fv2%2Fmedia&parent=2099"}],"wp:term":[{"taxonomy":"category","embeddable":true,"href":"http:\/\/sv-luftfahrt-berlin.de\/index.php?rest_route=%2Fwp%2Fv2%2Fcategories&post=2099"},{"taxonomy":"post_tag","embeddable":true,"href":"http:\/\/sv-luftfahrt-berlin.de\/index.php?rest_route=%2Fwp%2Fv2%2Ftags&post=2099"}],"curies":[{"name":"wp","href":"https:\/\/api.w.org\/{rel}","templated":true}]}}