{"id":2424,"date":"2013-09-10T21:18:39","date_gmt":"2013-09-10T19:18:39","guid":{"rendered":"http:\/\/www.sv-luftfahrt-berlin.de\/?p=2424"},"modified":"2013-09-10T21:18:39","modified_gmt":"2013-09-10T19:18:39","slug":"2-volvo-tierparklauf-mit-dem-sv-luftfahrt","status":"publish","type":"post","link":"http:\/\/sv-luftfahrt-berlin.de\/?p=2424","title":{"rendered":"2. Volvo Tierparklauf mit dem SV Luftfahrt"},"content":{"rendered":"<p>Am Sonntag den 08. September starteten von 4 gemeldeten Luftfahrern Rosa und Alex. Sowohl Henry (Herren) als auch Oliver (\u00dc30) fielen verletzungsbedingt aus. Dadurch konnten wir in der Vereinswertung nur einen hinteren Platz erzielen. Aber die Einzelwertungen k\u00f6nnen sich sehen lassen. Rosa konnte sich in Ihrer Altersklasse U23 unter die Top 10 platzieren und lief die 10km in 57:31min. Alex schaffte es in der Altersklasse U20 sogar auf Platz 3 mit einer Zielzeit von 48:27min.<\/p>\n<p>F\u00fcr den Tierparklauf 2014 w\u00fcnschen wir uns mehr Laufbegeisterte f\u00fcr den SV Luftfahrt. Und vielleicht verbessern wir dann auch unsere Vereinswertung.<\/p>\n\n<p>&nbsp;<\/p>\n<p>Alle Ergebniss findet ihr auch auf der Seite von <a href=\"http:\/\/berlin-tierparklauf.r.mikatiming.de\/2013\/?pid=start&amp;\" target=\"_blank\">Mika-Timing<\/a>.<\/p>\n<p>&nbsp;<\/p>\n<p>Oliver Fl\u00fcgel<\/p>\n","protected":false},"excerpt":{"rendered":"<p>Am Sonntag den 08. September starteten von 4 gemeldeten Luftfahrern Rosa und Alex. Sowohl Henry (Herren) als auch Oliver (\u00dc30)<\/p>\n","protected":false},"author":2,"featured_media":2429,"comment_status":"closed","ping_status":"open","sticky":false,"template":"","format":"standard","meta":{"colormag_page_container_layout":"default_layout","colormag_page_sidebar_layout":"default_layout","ngg_post_thumbnail":0,"footnotes":""},"categories":[6,2],"tags":[],"class_list":["post-2424","post","type-post","status-publish","format-standard","has-post-thumbnail","hentry","category-allgemein","category-news"],"_links":{"self":[{"href":"http:\/\/sv-luftfahrt-berlin.de\/index.php?rest_route=\/wp\/v2\/posts\/2424","targetHints":{"allow":["GET"]}}],"collection":[{"href":"http:\/\/sv-luftfahrt-berlin.de\/index.php?rest_route=\/wp\/v2\/posts"}],"about":[{"href":"http:\/\/sv-luftfahrt-berlin.de\/index.php?rest_route=\/wp\/v2\/types\/post"}],"author":[{"embeddable":true,"href":"http:\/\/sv-luftfahrt-berlin.de\/index.php?rest_route=\/wp\/v2\/users\/2"}],"replies":[{"embeddable":true,"href":"http:\/\/sv-luftfahrt-berlin.de\/index.php?rest_route=%2Fwp%2Fv2%2Fcomments&post=2424"}],"version-history":[{"count":0,"href":"http:\/\/sv-luftfahrt-berlin.de\/index.php?rest_route=\/wp\/v2\/posts\/2424\/revisions"}],"wp:featuredmedia":[{"embeddable":true,"href":"http:\/\/sv-luftfahrt-berlin.de\/index.php?rest_route=\/"}],"wp:attachment":[{"href":"http:\/\/sv-luftfahrt-berlin.de\/index.php?rest_route=%2Fwp%2Fv2%2Fmedia&parent=2424"}],"wp:term":[{"taxonomy":"category","embeddable":true,"href":"http:\/\/sv-luftfahrt-berlin.de\/index.php?rest_route=%2Fwp%2Fv2%2Fcategories&post=2424"},{"taxonomy":"post_tag","embeddable":true,"href":"http:\/\/sv-luftfahrt-berlin.de\/index.php?rest_route=%2Fwp%2Fv2%2Ftags&post=2424"}],"curies":[{"name":"wp","href":"https:\/\/api.w.org\/{rel}","templated":true}]}}