{"id":2439,"date":"2013-09-21T16:26:03","date_gmt":"2013-09-21T14:26:03","guid":{"rendered":"http:\/\/www.sv-luftfahrt-berlin.de\/?p=2439"},"modified":"2013-09-21T16:26:03","modified_gmt":"2013-09-21T14:26:03","slug":"herbstturnier-psv-olympia","status":"publish","type":"post","link":"http:\/\/sv-luftfahrt-berlin.de\/?p=2439","title":{"rendered":"Herbstturnier PSV Olympia"},"content":{"rendered":"<p>Bei sonnigen 16\u00b0C zog es die Luftfahrer Eva, Eva und Steve in die Merlitzhalle zum Herbstturnier des PSV Olympia. Bei dem ersten Turnier f\u00fcr die Luftfahrer nach dem Trainingslager, \u00a0erk\u00e4mpften sie sich den dritten Platz. Nick und Matze waren als Coach da und unterst\u00fctzten unsere K\u00e4mpfer. Jan stellte sich wieder als Kampfrichter zur Verf\u00fcgung.<\/p>\n<figure id=\"attachment_2446\" aria-describedby=\"caption-attachment-2446\" style=\"width: 362px\" class=\"wp-caption aligncenter\"><a href=\"http:\/\/www.sv-luftfahrt-berlin.de\/wp-content\/uploads\/2013\/09\/2013-09-21-Herbssturnier-PSV-Olympia-2013.jpg\" target=\"_blank\"><img loading=\"lazy\" decoding=\"async\" class=\"size-full wp-image-2446        \" title=\"2013-09-21 Herbssturnier PSV Olympia 2013\" src=\"http:\/\/www.sv-luftfahrt-berlin.de\/wp-content\/uploads\/2013\/09\/2013-09-21-Herbssturnier-PSV-Olympia-2013.jpg\" alt=\"\" width=\"362\" height=\"204\" \/><\/a><figcaption id=\"caption-attachment-2446\" class=\"wp-caption-text\">Nick und Matze mit Steve, Eva und Eva.<\/figcaption><\/figure>\n<p><strong>Oliver Fl\u00fcgel<\/strong><\/p>\n<p>Presse- und \u00d6ffentlichkeitsarbeit<br \/>\nSV Luftfahrt Berlin e.V.<\/p>\n","protected":false},"excerpt":{"rendered":"<p>Bei sonnigen 16\u00b0C zog es die Luftfahrer Eva, Eva und Steve in die Merlitzhalle zum Herbstturnier des PSV Olympia. Bei<\/p>\n","protected":false},"author":2,"featured_media":0,"comment_status":"closed","ping_status":"open","sticky":false,"template":"","format":"standard","meta":{"colormag_page_container_layout":"default_layout","colormag_page_sidebar_layout":"default_layout","ngg_post_thumbnail":0,"footnotes":""},"categories":[2],"tags":[],"class_list":["post-2439","post","type-post","status-publish","format-standard","hentry","category-news"],"_links":{"self":[{"href":"http:\/\/sv-luftfahrt-berlin.de\/index.php?rest_route=\/wp\/v2\/posts\/2439","targetHints":{"allow":["GET"]}}],"collection":[{"href":"http:\/\/sv-luftfahrt-berlin.de\/index.php?rest_route=\/wp\/v2\/posts"}],"about":[{"href":"http:\/\/sv-luftfahrt-berlin.de\/index.php?rest_route=\/wp\/v2\/types\/post"}],"author":[{"embeddable":true,"href":"http:\/\/sv-luftfahrt-berlin.de\/index.php?rest_route=\/wp\/v2\/users\/2"}],"replies":[{"embeddable":true,"href":"http:\/\/sv-luftfahrt-berlin.de\/index.php?rest_route=%2Fwp%2Fv2%2Fcomments&post=2439"}],"version-history":[{"count":0,"href":"http:\/\/sv-luftfahrt-berlin.de\/index.php?rest_route=\/wp\/v2\/posts\/2439\/revisions"}],"wp:attachment":[{"href":"http:\/\/sv-luftfahrt-berlin.de\/index.php?rest_route=%2Fwp%2Fv2%2Fmedia&parent=2439"}],"wp:term":[{"taxonomy":"category","embeddable":true,"href":"http:\/\/sv-luftfahrt-berlin.de\/index.php?rest_route=%2Fwp%2Fv2%2Fcategories&post=2439"},{"taxonomy":"post_tag","embeddable":true,"href":"http:\/\/sv-luftfahrt-berlin.de\/index.php?rest_route=%2Fwp%2Fv2%2Ftags&post=2439"}],"curies":[{"name":"wp","href":"https:\/\/api.w.org\/{rel}","templated":true}]}}