{"id":2537,"date":"2013-10-18T20:36:56","date_gmt":"2013-10-18T18:36:56","guid":{"rendered":"http:\/\/www.sv-luftfahrt-berlin.de\/?p=2537"},"modified":"2013-10-18T20:36:56","modified_gmt":"2013-10-18T18:36:56","slug":"tag-der-offenen-tur-in-der-grundschule-karlshorst","status":"publish","type":"post","link":"http:\/\/sv-luftfahrt-berlin.de\/?p=2537","title":{"rendered":"18.10.2013 Tag der offenen T\u00fcr in der Grundschule Karlshorst"},"content":{"rendered":"<p>Am Freitag den 18.10.2013 erfreute sich der Judo Stand, beim Tag der offenen T\u00fcr in der Karlshorster Grundschule, gro\u00dfer Beliebtheit. Viele neugierige Kinder schnupperten Mattenluft und machten aktiv beim Aufw\u00e4rmspiel mit. Zwischendurch gab es auch mehrere Judo Shows zu bewundern, welche nicht nur die Kinder beeindruckte sondern auch die Eltern.<!--more--><\/p>\n<p>Vielleicht sieht man den oder die andere mal bei einem Schnuppertraining, wenn die Halle am 08. November im neuen Gewand ihre Pforten \u00f6ffnet und wir wieder wie gewohnt unser Training anbieten.<\/p>\n\n<p><strong>Video<\/strong><\/p>\n<p style=\"text-align: center;\"><a href=\"https:\/\/vimeo.com\/77354892\" target=\"_blank\"><img loading=\"lazy\" decoding=\"async\" class=\"aligncenter size-full wp-image-2565\" title=\"2013-10-18 Tag der offenen T\u00fcr Video\" src=\"http:\/\/www.sv-luftfahrt-berlin.de\/wp-content\/uploads\/2013\/10\/2013-10-18-Tag-der-offenen-T\u00fcr-Video.png\" alt=\"\" width=\"491\" height=\"275\" \/><\/a><\/p>\n<p>Gro\u00dfes Dankesch\u00f6n an Max, Franci, Nicklas, Eva, Emma und Steve.<\/p>\n<p><strong>Oliver Fl\u00fcgel<\/strong><\/p>\n<p>Presse- und \u00d6ffentlichkeitsarbeit<br \/>\nSV Luftfahrt Berlin e.V.<\/p>\n","protected":false},"excerpt":{"rendered":"<p>Am Freitag den 18.10.2013 erfreute sich der Judo Stand, beim Tag der offenen T\u00fcr in der Karlshorster Grundschule, gro\u00dfer Beliebtheit.<\/p>\n","protected":false},"author":2,"featured_media":0,"comment_status":"closed","ping_status":"open","sticky":false,"template":"","format":"standard","meta":{"colormag_page_container_layout":"default_layout","colormag_page_sidebar_layout":"default_layout","ngg_post_thumbnail":0,"footnotes":""},"categories":[6,2],"tags":[],"class_list":["post-2537","post","type-post","status-publish","format-standard","hentry","category-allgemein","category-news"],"_links":{"self":[{"href":"http:\/\/sv-luftfahrt-berlin.de\/index.php?rest_route=\/wp\/v2\/posts\/2537","targetHints":{"allow":["GET"]}}],"collection":[{"href":"http:\/\/sv-luftfahrt-berlin.de\/index.php?rest_route=\/wp\/v2\/posts"}],"about":[{"href":"http:\/\/sv-luftfahrt-berlin.de\/index.php?rest_route=\/wp\/v2\/types\/post"}],"author":[{"embeddable":true,"href":"http:\/\/sv-luftfahrt-berlin.de\/index.php?rest_route=\/wp\/v2\/users\/2"}],"replies":[{"embeddable":true,"href":"http:\/\/sv-luftfahrt-berlin.de\/index.php?rest_route=%2Fwp%2Fv2%2Fcomments&post=2537"}],"version-history":[{"count":0,"href":"http:\/\/sv-luftfahrt-berlin.de\/index.php?rest_route=\/wp\/v2\/posts\/2537\/revisions"}],"wp:attachment":[{"href":"http:\/\/sv-luftfahrt-berlin.de\/index.php?rest_route=%2Fwp%2Fv2%2Fmedia&parent=2537"}],"wp:term":[{"taxonomy":"category","embeddable":true,"href":"http:\/\/sv-luftfahrt-berlin.de\/index.php?rest_route=%2Fwp%2Fv2%2Fcategories&post=2537"},{"taxonomy":"post_tag","embeddable":true,"href":"http:\/\/sv-luftfahrt-berlin.de\/index.php?rest_route=%2Fwp%2Fv2%2Ftags&post=2537"}],"curies":[{"name":"wp","href":"https:\/\/api.w.org\/{rel}","templated":true}]}}