{"id":2640,"date":"2013-11-09T18:36:39","date_gmt":"2013-11-09T16:36:39","guid":{"rendered":"http:\/\/www.sv-luftfahrt-berlin.de\/?p=2640"},"modified":"2013-11-09T18:36:39","modified_gmt":"2013-11-09T16:36:39","slug":"09-11-2013-jc-03-wanderpokal","status":"publish","type":"post","link":"http:\/\/sv-luftfahrt-berlin.de\/?p=2640","title":{"rendered":"09.11.2013 JC &#8217;03 Wanderpokal"},"content":{"rendered":"<p>Mit der Teilnahme in jeder Altersklasse, k\u00e4mpften Emma, Steve, Eva H. und Eliza um den Wanderpokal.<\/p>\n<p><strong>Emma<\/strong> holte sich Platz 1 in der U9 bis 30kg und absolvierte noch zwei Freundschaftsk\u00e4mpfe.<\/p>\n<p><strong>Steve<\/strong> und <strong>Eva<\/strong> k\u00e4mpften in der U11. In der Gewichtsklasse bis 31kg gewann Steve einen Kampf durch einen Festhaltegriff und einen Kampf durch Hantai. Als leichteste K\u00e4mpferin in ihrer Gewichtsklasse konnte Eva sich nicht durch setzen. F\u00fcr beide hat es leider f\u00fcr keine Platzierung gereicht.<\/p>\n<p>In der U13 bis 48kg erk\u00e4mpfte sich <strong>Eliza<\/strong> den 5. Platz.<\/p>\n<p>Auch wenn es nicht f\u00fcr alle eine Medaille gegeben hat, hatten alle Spa\u00df beim Wettkampf.<\/p>\n<p>Gl\u00fcckwunsch!<\/p>\n\n<p><strong>Oliver Fl\u00fcgel<\/strong><br \/>\nPresse- und \u00d6ffentlichkeitsarbeit<br \/>\nSV Luftfahrt Berlin e.V.<\/p>\n","protected":false},"excerpt":{"rendered":"<p>Mit der Teilnahme in jeder Altersklasse, k\u00e4mpften Emma, Steve, Eva H. und Eliza um den Wanderpokal. Emma holte sich Platz<\/p>\n","protected":false},"author":2,"featured_media":0,"comment_status":"closed","ping_status":"open","sticky":false,"template":"","format":"standard","meta":{"colormag_page_container_layout":"default_layout","colormag_page_sidebar_layout":"default_layout","ngg_post_thumbnail":0,"footnotes":""},"categories":[6,2],"tags":[],"class_list":["post-2640","post","type-post","status-publish","format-standard","hentry","category-allgemein","category-news"],"_links":{"self":[{"href":"http:\/\/sv-luftfahrt-berlin.de\/index.php?rest_route=\/wp\/v2\/posts\/2640","targetHints":{"allow":["GET"]}}],"collection":[{"href":"http:\/\/sv-luftfahrt-berlin.de\/index.php?rest_route=\/wp\/v2\/posts"}],"about":[{"href":"http:\/\/sv-luftfahrt-berlin.de\/index.php?rest_route=\/wp\/v2\/types\/post"}],"author":[{"embeddable":true,"href":"http:\/\/sv-luftfahrt-berlin.de\/index.php?rest_route=\/wp\/v2\/users\/2"}],"replies":[{"embeddable":true,"href":"http:\/\/sv-luftfahrt-berlin.de\/index.php?rest_route=%2Fwp%2Fv2%2Fcomments&post=2640"}],"version-history":[{"count":0,"href":"http:\/\/sv-luftfahrt-berlin.de\/index.php?rest_route=\/wp\/v2\/posts\/2640\/revisions"}],"wp:attachment":[{"href":"http:\/\/sv-luftfahrt-berlin.de\/index.php?rest_route=%2Fwp%2Fv2%2Fmedia&parent=2640"}],"wp:term":[{"taxonomy":"category","embeddable":true,"href":"http:\/\/sv-luftfahrt-berlin.de\/index.php?rest_route=%2Fwp%2Fv2%2Fcategories&post=2640"},{"taxonomy":"post_tag","embeddable":true,"href":"http:\/\/sv-luftfahrt-berlin.de\/index.php?rest_route=%2Fwp%2Fv2%2Ftags&post=2640"}],"curies":[{"name":"wp","href":"https:\/\/api.w.org\/{rel}","templated":true}]}}