{"id":2661,"date":"2013-11-14T20:10:55","date_gmt":"2013-11-14T18:10:55","guid":{"rendered":"http:\/\/www.sv-luftfahrt-berlin.de\/?p=2661"},"modified":"2013-11-14T20:10:55","modified_gmt":"2013-11-14T18:10:55","slug":"14-11-2013-neueroffnung-dojo-karlshorst","status":"publish","type":"post","link":"http:\/\/sv-luftfahrt-berlin.de\/?p=2661","title":{"rendered":"14.11.2013 Neuer\u00f6ffnung Dojo Karlshorst"},"content":{"rendered":"<p>Heute war es soweit. Heute haben wir unseren Dojo eingerichtet und die Matten und Schr\u00e4nke verstaut. Alle Ger\u00e4te und Matten konnten in den daf\u00fcr vorgesehenen Ger\u00e4teraum untergebracht werden und stehen nun nicht l\u00e4nger im Weg rum. Dadurch konnte in der Halle nicht nur mehr Fl\u00e4che gewonnen sondern auch mehr Platz zum trainieren geschaffen werden. Auch bei der Bel\u00fcftung, Beleuchtung und Beschallung wurde viel getan. Besonders die Beschallung wird sich gro\u00dfer Beliebtheit erfreuen, da eine Musikanlage in die W\u00e4nde integriert wurde. Die hellen Farbt\u00f6ne des Bodens und der W\u00e4nde geben der Halle optisch mehr R\u00e4umlichkeit und laden zum Sport ein.<br \/>\nHoffen wir das die Halle noch lange in diesem Zustand bleiben wird und wir viele erfolgreiche Judoka dort trainieren k\u00f6nnen.<br \/>\nWir haben mal eine kleine Galerie Vorher-Nachher zusammengestellt.<\/p>\n\n<p>&nbsp;<\/p>\n","protected":false},"excerpt":{"rendered":"<p>Heute war es soweit. Heute haben wir unseren Dojo eingerichtet und die Matten und Schr\u00e4nke verstaut. Alle Ger\u00e4te und Matten<\/p>\n","protected":false},"author":2,"featured_media":0,"comment_status":"closed","ping_status":"open","sticky":false,"template":"","format":"standard","meta":{"colormag_page_container_layout":"default_layout","colormag_page_sidebar_layout":"default_layout","ngg_post_thumbnail":0,"footnotes":""},"categories":[6,2],"tags":[],"class_list":["post-2661","post","type-post","status-publish","format-standard","hentry","category-allgemein","category-news"],"_links":{"self":[{"href":"http:\/\/sv-luftfahrt-berlin.de\/index.php?rest_route=\/wp\/v2\/posts\/2661","targetHints":{"allow":["GET"]}}],"collection":[{"href":"http:\/\/sv-luftfahrt-berlin.de\/index.php?rest_route=\/wp\/v2\/posts"}],"about":[{"href":"http:\/\/sv-luftfahrt-berlin.de\/index.php?rest_route=\/wp\/v2\/types\/post"}],"author":[{"embeddable":true,"href":"http:\/\/sv-luftfahrt-berlin.de\/index.php?rest_route=\/wp\/v2\/users\/2"}],"replies":[{"embeddable":true,"href":"http:\/\/sv-luftfahrt-berlin.de\/index.php?rest_route=%2Fwp%2Fv2%2Fcomments&post=2661"}],"version-history":[{"count":0,"href":"http:\/\/sv-luftfahrt-berlin.de\/index.php?rest_route=\/wp\/v2\/posts\/2661\/revisions"}],"wp:attachment":[{"href":"http:\/\/sv-luftfahrt-berlin.de\/index.php?rest_route=%2Fwp%2Fv2%2Fmedia&parent=2661"}],"wp:term":[{"taxonomy":"category","embeddable":true,"href":"http:\/\/sv-luftfahrt-berlin.de\/index.php?rest_route=%2Fwp%2Fv2%2Fcategories&post=2661"},{"taxonomy":"post_tag","embeddable":true,"href":"http:\/\/sv-luftfahrt-berlin.de\/index.php?rest_route=%2Fwp%2Fv2%2Ftags&post=2661"}],"curies":[{"name":"wp","href":"https:\/\/api.w.org\/{rel}","templated":true}]}}