{"id":2983,"date":"2013-12-07T16:17:00","date_gmt":"2013-12-07T14:17:00","guid":{"rendered":"http:\/\/www.sv-luftfahrt-berlin.de\/?p=2983"},"modified":"2013-12-07T16:17:00","modified_gmt":"2013-12-07T14:17:00","slug":"07-12-2013-ergebnisse-vom-luftfahrt-masters-2013","status":"publish","type":"post","link":"http:\/\/sv-luftfahrt-berlin.de\/?p=2983","title":{"rendered":"07.12.2013 Ergebnisse vom Luftfahrt Masters 2013"},"content":{"rendered":"<figure id=\"attachment_2834\" aria-describedby=\"caption-attachment-2834\" style=\"width: 300px\" class=\"wp-caption alignleft\"><a href=\"http:\/\/www.sv-luftfahrt-berlin.de\/wp-content\/uploads\/2013\/11\/148-SV-Luftfahrt-Berlin-Masters-2013.jpg\" target=\"_blank\"><img loading=\"lazy\" decoding=\"async\" class=\"size-medium wp-image-2834\" title=\"148 SV Luftfahrt Berlin Masters 2013\" src=\"http:\/\/www.sv-luftfahrt-berlin.de\/wp-content\/uploads\/2013\/11\/148-SV-Luftfahrt-Berlin-Masters-2013-300x200.jpg\" alt=\"\" width=\"300\" height=\"200\" \/><\/a><figcaption id=\"caption-attachment-2834\" class=\"wp-caption-text\">Clara Gohrisch auf Platz 1 beim Luftfahrt Masters 2013<\/figcaption><\/figure>\n<p>Fast untergegangen &#8230; aber einige von den Luftfahrern haben auch auf dem Masters gek\u00e4mpft und gute Ergebnisse erzielt. Durch die letzten Wettkampfteilnahmen von SV Luftfahrt, hat es in der vereinsinternen Liga noch mal jede Menge Bewegungen gegeben.<!--more--><\/p>\n<figure id=\"attachment_2841\" aria-describedby=\"caption-attachment-2841\" style=\"width: 300px\" class=\"wp-caption alignright\"><a href=\"http:\/\/www.sv-luftfahrt-berlin.de\/wp-content\/uploads\/2013\/11\/155-SV-Luftfahrt-Berlin-Masters-2013.jpg\" target=\"_blank\"><img loading=\"lazy\" decoding=\"async\" class=\"size-medium wp-image-2841\" title=\"155 SV Luftfahrt Berlin Masters 2013\" src=\"http:\/\/www.sv-luftfahrt-berlin.de\/wp-content\/uploads\/2013\/11\/155-SV-Luftfahrt-Berlin-Masters-2013-300x200.jpg\" alt=\"\" width=\"300\" height=\"200\" \/><\/a><figcaption id=\"caption-attachment-2841\" class=\"wp-caption-text\">Niklas Fink auf Platz 1 in der U18 bis 81kg<\/figcaption><\/figure>\n<p><strong>Leon<\/strong> holte in der U18 bis 55kg den ersten Platz, konnte damit in der Liga noch mal zwei Pl\u00e4tze gut machen. Sein \u00e4lterer Bruder <strong>Niklas<\/strong> k\u00e4mpfte ebenfalls in der U18 bis 81kg und sicherte sich den ersten Platz. Bei den M\u00e4nnern bis 81kg hat es trotz der guten Leistung nur f\u00fcr Platz 3 gereicht. An Emma kommt er damit nicht mehr ran, hat aber mit den meisten Wettkampfteilnahmen (12 mal) \u00a0noch gut aufgeholt und sich den zweiten Platz in der Liga verdient. F\u00fcr <strong>Clara<\/strong> hingegen war die Teilnahme am Masters sehr erfolgreich. In der U18 bei den M\u00e4dchen erk\u00e4mpfte sie sich Platz 1 bis 63kg und Platz 4 bis 57kg. Als letzte Neueinsteigerin in die vereinsinternen Liga, hat sie ihre Teilnahme beim Masters vom letzten Tabellenplatz ins Mittelfeld katapultiert. <strong>Alex<\/strong> konnte im stark besetzten Wettkampffeld der M\u00e4nner bis 73kg leider nichts holen und musste daf\u00fcr einen Tabellenplatz einb\u00fcssen. Um einen Punkt \u00fcberholt, steht Alex nun direkt hinter Leon auf Platz 6. Bei der Teamwertung konnten wir uns aber sowohl bei den M\u00e4dchen als auch bei den Jungen in der U18 den 2. Platz erk\u00e4mpfen.<\/p>\n","protected":false},"excerpt":{"rendered":"<p>Fast untergegangen &#8230; aber einige von den Luftfahrern haben auch auf dem Masters gek\u00e4mpft und gute Ergebnisse erzielt. Durch die<\/p>\n","protected":false},"author":2,"featured_media":0,"comment_status":"closed","ping_status":"open","sticky":false,"template":"","format":"standard","meta":{"colormag_page_container_layout":"default_layout","colormag_page_sidebar_layout":"default_layout","ngg_post_thumbnail":0,"footnotes":""},"categories":[6,2],"tags":[],"class_list":["post-2983","post","type-post","status-publish","format-standard","hentry","category-allgemein","category-news"],"_links":{"self":[{"href":"http:\/\/sv-luftfahrt-berlin.de\/index.php?rest_route=\/wp\/v2\/posts\/2983","targetHints":{"allow":["GET"]}}],"collection":[{"href":"http:\/\/sv-luftfahrt-berlin.de\/index.php?rest_route=\/wp\/v2\/posts"}],"about":[{"href":"http:\/\/sv-luftfahrt-berlin.de\/index.php?rest_route=\/wp\/v2\/types\/post"}],"author":[{"embeddable":true,"href":"http:\/\/sv-luftfahrt-berlin.de\/index.php?rest_route=\/wp\/v2\/users\/2"}],"replies":[{"embeddable":true,"href":"http:\/\/sv-luftfahrt-berlin.de\/index.php?rest_route=%2Fwp%2Fv2%2Fcomments&post=2983"}],"version-history":[{"count":0,"href":"http:\/\/sv-luftfahrt-berlin.de\/index.php?rest_route=\/wp\/v2\/posts\/2983\/revisions"}],"wp:attachment":[{"href":"http:\/\/sv-luftfahrt-berlin.de\/index.php?rest_route=%2Fwp%2Fv2%2Fmedia&parent=2983"}],"wp:term":[{"taxonomy":"category","embeddable":true,"href":"http:\/\/sv-luftfahrt-berlin.de\/index.php?rest_route=%2Fwp%2Fv2%2Fcategories&post=2983"},{"taxonomy":"post_tag","embeddable":true,"href":"http:\/\/sv-luftfahrt-berlin.de\/index.php?rest_route=%2Fwp%2Fv2%2Ftags&post=2983"}],"curies":[{"name":"wp","href":"https:\/\/api.w.org\/{rel}","templated":true}]}}