{"id":3138,"date":"2014-02-16T17:49:16","date_gmt":"2014-02-16T15:49:16","guid":{"rendered":"http:\/\/www.sv-luftfahrt-berlin.de\/?p=3138"},"modified":"2014-02-16T17:49:16","modified_gmt":"2014-02-16T15:49:16","slug":"15-02-2014-nodem-2014-in-frankfurtoder","status":"publish","type":"post","link":"http:\/\/sv-luftfahrt-berlin.de\/?p=3138","title":{"rendered":"15.02.2014 NODEM 2014 in Frankfurt\/Oder"},"content":{"rendered":"<p>Bei der diesj\u00e4hrigen NODEM im Olympiast\u00fctzpunkt Frankfurt\/Oder, trat <strong>Niklas Fink<\/strong> als einziger K\u00e4mpfer vom SV Luftfahrt an.<br \/>\nIn der U21 der 81Kg Klasse gab es viele Ausf\u00e4lle und somit zu einem schwach besetzten Pool. Vier K\u00e4mpfer kamen mit einem Freilos in die n\u00e4chste Runde. Niklas musste sich in seinem einzigen Kampf an diesem Wochenende, <strong>Tom Krupke<\/strong> vom <a href=\"http:\/\/psvcottbus.de\/abteilungen\/abt-judo\/\" target=\"_blank\">PSV Cottbus 90 e.V.<\/a> stellen. Leider ging der Kampf in weniger als eine Minute verloren und Niklas schied aus dem Turnier aus.<br \/>\nIn die Trostrunde konnte er auch nicht mehr einziehen, da der Pool so schwach besetzt war, da\u00df das Wettkampfsystem ein zweiten Kampf gegen Tom Krupke nicht zulie\u00df. Sehr schade, denn Niklas hatte sich den Startplatz bei der BEM selbst erk\u00e4mpft und kein Freilos in der ersten Runde der NODEM bekommen.<\/p>\n<figure id=\"attachment_3141\" aria-describedby=\"caption-attachment-3141\" style=\"width: 300px\" class=\"wp-caption aligncenter\"><a href=\"http:\/\/www.youtube.com\/watch?v=WVI5JDwKaBM\" target=\"_blank\"><img loading=\"lazy\" decoding=\"async\" class=\"size-medium wp-image-3141 \" title=\"NODEM2014\" src=\"http:\/\/www.sv-luftfahrt-berlin.de\/wp-content\/uploads\/2014\/02\/NODEM2014-300x180.png\" alt=\"\" width=\"300\" height=\"180\" \/><\/a><figcaption id=\"caption-attachment-3141\" class=\"wp-caption-text\">NODEM 2014 in Frankfurt\/Oder - U21 Niklas Fink<\/figcaption><\/figure>\n<p>Desweiteren standen Jan Kretzschmar und Daniel Wernicke wie schon bei der BEM, als Kampfrichter auf der Matte. Als Unterst\u00fctzung kamen Matthias, Oliver, Frances und Alex mit.<\/p>\n<p><strong>Ergebnisse:<\/strong><\/p>\n<p><a title=\"German-Judo.de\" href=\"http:\/\/www.german-judo.de\/de\/2014\/nodem_u21\/listen.php?l=de&amp;s=gkm&amp;sw=5\" target=\"_blank\">German-Judo.de<\/a><\/p>\n<p><strong>Bilder:<\/strong><\/p>\n<p><a title=\"SC Lotos Berlin e.V.\" href=\"http:\/\/www.sclotos-berlin.de\/judo\/judo\/galerie\" target=\"_blank\">SC Lotos Berlin e.V.<\/a><\/p>\n<p><strong>Videos:<\/strong><\/p>\n<p><a title=\"Youtube\" href=\"http:\/\/www.youtube.com\/channel\/UCxmJdKibq0_mM5Q0C2OTfHQ\/feed\" target=\"_blank\">Youtube Channel SV Luftfahrt Berlin e.V.<\/a><\/p>\n<p><strong>Weitere Berichte:<\/strong><\/p>\n<p><a title=\"Judo Verband Berlin\" href=\"http:\/\/www.judo-verband-berlin.eu\/index.php?option=com_content&amp;view=article&amp;id=1047:nordostdeutsche-meisterschaften-u-21-in-frankfurt-oder\" target=\"_blank\">Judo Verband Berlin<\/a><\/p>\n<p><a title=\"F\u00f6rderverein des Judo Verbandes Berlin\" href=\"http:\/\/www.fv-judo-berlin.de\" target=\"_blank\">F\u00f6rderverein des Judo Verbandes Berlin<\/a><\/p>\n<p><a title=\"UJKC Potsdam e.V.\" href=\"http:\/\/www.ujkc.de\/erfolgreiche-nodem-u18u21\/\" target=\"_blank\">UJKC Potsdam e.V.<\/a><\/p>\n<p><a title=\"BC Randori e.V.\" href=\"http:\/\/www.randori-berlin.de\/randori-ev\/judo\/news\/detail\/nodem-u21-2014\/\" target=\"_blank\">BC Randori e.V.<\/a><\/p>\n","protected":false},"excerpt":{"rendered":"<p>Bei der diesj\u00e4hrigen NODEM im Olympiast\u00fctzpunkt Frankfurt\/Oder, trat Niklas Fink als einziger K\u00e4mpfer vom SV Luftfahrt an. In der U21<\/p>\n","protected":false},"author":2,"featured_media":0,"comment_status":"closed","ping_status":"open","sticky":false,"template":"","format":"standard","meta":{"colormag_page_container_layout":"default_layout","colormag_page_sidebar_layout":"default_layout","ngg_post_thumbnail":0,"footnotes":""},"categories":[6,2],"tags":[],"class_list":["post-3138","post","type-post","status-publish","format-standard","hentry","category-allgemein","category-news"],"_links":{"self":[{"href":"http:\/\/sv-luftfahrt-berlin.de\/index.php?rest_route=\/wp\/v2\/posts\/3138","targetHints":{"allow":["GET"]}}],"collection":[{"href":"http:\/\/sv-luftfahrt-berlin.de\/index.php?rest_route=\/wp\/v2\/posts"}],"about":[{"href":"http:\/\/sv-luftfahrt-berlin.de\/index.php?rest_route=\/wp\/v2\/types\/post"}],"author":[{"embeddable":true,"href":"http:\/\/sv-luftfahrt-berlin.de\/index.php?rest_route=\/wp\/v2\/users\/2"}],"replies":[{"embeddable":true,"href":"http:\/\/sv-luftfahrt-berlin.de\/index.php?rest_route=%2Fwp%2Fv2%2Fcomments&post=3138"}],"version-history":[{"count":0,"href":"http:\/\/sv-luftfahrt-berlin.de\/index.php?rest_route=\/wp\/v2\/posts\/3138\/revisions"}],"wp:attachment":[{"href":"http:\/\/sv-luftfahrt-berlin.de\/index.php?rest_route=%2Fwp%2Fv2%2Fmedia&parent=3138"}],"wp:term":[{"taxonomy":"category","embeddable":true,"href":"http:\/\/sv-luftfahrt-berlin.de\/index.php?rest_route=%2Fwp%2Fv2%2Fcategories&post=3138"},{"taxonomy":"post_tag","embeddable":true,"href":"http:\/\/sv-luftfahrt-berlin.de\/index.php?rest_route=%2Fwp%2Fv2%2Ftags&post=3138"}],"curies":[{"name":"wp","href":"https:\/\/api.w.org\/{rel}","templated":true}]}}