{"id":4615,"date":"2015-03-22T20:07:36","date_gmt":"2015-03-22T18:07:36","guid":{"rendered":"http:\/\/www.sv-luftfahrt-berlin.de\/?p=4615"},"modified":"2015-05-07T22:57:22","modified_gmt":"2015-05-07T22:57:22","slug":"22-03-2015-17-seeger-aktiv-pokalturnier-bad-belzig","status":"publish","type":"post","link":"http:\/\/sv-luftfahrt-berlin.de\/?p=4615","title":{"rendered":"22.03.2015 17. Seeger aktiv Pokalturnier in Bad Belzig"},"content":{"rendered":"<p><a href=\"http:\/\/sv-luftfahrt-berlin.de\/wp-content\/uploads\/2015\/03\/2015_Bad_Belzig_011.jpg\"><img loading=\"lazy\" decoding=\"async\" class=\"alignnone size-medium wp-image-6872\" src=\"http:\/\/sv-luftfahrt-berlin.de\/wp-content\/uploads\/2015\/03\/2015_Bad_Belzig_011-300x225.jpg\" alt=\"2015_Bad_Belzig_01\" width=\"300\" height=\"225\" srcset=\"http:\/\/sv-luftfahrt-berlin.de\/wp-content\/uploads\/2015\/03\/2015_Bad_Belzig_011-300x225.jpg 300w, http:\/\/sv-luftfahrt-berlin.de\/wp-content\/uploads\/2015\/03\/2015_Bad_Belzig_011-1024x768.jpg 1024w, http:\/\/sv-luftfahrt-berlin.de\/wp-content\/uploads\/2015\/03\/2015_Bad_Belzig_011.jpg 1440w\" sizes=\"auto, (max-width: 300px) 100vw, 300px\" \/><\/a><\/p>\n<p>Fast 1 Jahr ist die letzte Ausw\u00e4rtsfahrt unserer Judoka her. Zuletzt in 2013, waren wir dieses Jahr wieder beim Pokalturnier der Bad Belziger vertreten. An beiden Tagen standen Luftfahrer auf den Tatamis und waren damit einer von 51 teilnehmenden Vereinen und 500 Judoka aus mehreren Bundesl\u00e4ndern und Tschechien.<\/p>\n<p><span style=\"text-decoration: underline;\">Am ersten Tag<\/span> k\u00e4mpften die Altersklassen U18, U21, M\u00e4nner und \u00fc30. In der U18 musste <strong>Leon<\/strong> mit seinen 73,4kg (mmppfff) in der Gewichtsklasse bis 81kg starten. Nicht einfach waren daher seine K\u00e4mpfe. Seinen ersten Kampf verlor er durch einen Wurf. Im zweiten Kampf musste er sich der W\u00fcrge beugen und abklopfen. Doch im dritten Kampf konnte er mit einem sch\u00f6nen Koshi Guruma zum Boden \u00fcbergehen und den Gegner dort mit der Kesa Gatame bis zum Schlussgong fixieren. Daf\u00fcr verdiente er sich den dritten Platz auf dem Treppchen. <strong>Niklas<\/strong> entschied sich bei den M\u00e4nnern (statt der u21) anzutreten und k\u00e4mpfte wie gewohnt bis 81kg. Alle 4 Gegner hat er mit Schulter- und Opferw\u00fcrfen ipponisiert, um auf dem Siegerpodest ganz oben zu stehen, Platz 1 f\u00fcr Niklas. Ungew\u00f6hnliches tat sich bei <strong>Oliver<\/strong>. Sonst bei den 90er, startete er diesmal eine Gewichtsklasse h\u00f6her bis 100kg. Im ersten Kampf bezwang er seinen Gegner durch eine Festhalte, nachdem dessen Angriff im Stand missgl\u00fcckt war. Wie Leon musste auch Oliver vom abklopfen gebrauch machen, um nicht durch die Kingston-Rolle abgew\u00fcrgt zu werden. Im dritten Kampf musste Oliver sich dann dem starken Gegner geschlagen geben und den vollen Punkt abgeben. Am Ende hat es aber f\u00fcr den dritten Platz gereicht. Mit angereist war auch Jan Kretzschmar als Kampfrichter und lieferte ebenso eine gute Leistung ab wie die k\u00e4mpfenden Judoka von Luftfahrt. Er wurde gleich f\u00fcr das DEKRA Turnier im Juni geordert und freut sich dort wieder als Kari auf der Tatami zu stehen.<\/p>\n<p><span style=\"text-decoration: underline;\">Am zweiten Tag<\/span> fuhren Niklas und Oliver wieder nach Bad Belzig um unseren Nachwuchs Emma, Paul und Steve zu unterst\u00fctzen. <strong>Paul<\/strong> hat in der U9 bis 34kg gek\u00e4mpft und sich wacker geschlagen. F\u00fcr ihn gab es den verdienten 3. Platz. <strong>Emma<\/strong> hatte viele Teilnehmerinnen in Ihrer Gewichtsklasse der U12 und musste 4 mal auf die Tatami. Im Doppel-K.O. System musste Sie nach Ihrem ersten verlorenen Kampf in die K.O.-Runde einziehen. Zwei weitere und Kr\u00e4fte zehrende K\u00e4mpfe, konnte Sie \u00fcber die volle Zeit f\u00fcr sich entscheiden. Beim letzten Kampf um Platz 3 musste Emma den vollen Punkt an ihre Gegnerin abgeben, die sie mit einem Tai Otoshi auf die Matte bef\u00f6rdert hat. Nach gut gezeigter Leistung, hat Sie den 5. Platz erreicht. <strong>Steve<\/strong> ist erst seinem 1 Jahr in der U12 und muss sich hier noch zu recht finden. Mit 28 Jungen in seiner Gewichtsklasse bis 31kg, hatte er die gr\u00f6\u00dfte Teilnehmerliste und ein starkes Feld. Etwas fragw\u00fcrdige Entscheidungen der jungen Kampfrichter und ungl\u00fcckliche Kampfsituationen, f\u00fchrten nach 4 K\u00e4mpfen zum ausscheiden von Steve. Leider konnte er, trotz seiner hohen Motivation und gut gezeigten Leistungen, keinen Pokal mit nach Hause bringen.<\/p>\n<p><a href=\"http:\/\/sv-luftfahrt-berlin.de\/wp-content\/uploads\/2015\/03\/2015_Bad_Belzig_021.jpg\"><img loading=\"lazy\" decoding=\"async\" class=\"alignnone size-medium wp-image-6873\" src=\"http:\/\/sv-luftfahrt-berlin.de\/wp-content\/uploads\/2015\/03\/2015_Bad_Belzig_021-300x199.jpg\" alt=\"2015_Bad_Belzig_02\" width=\"300\" height=\"199\" srcset=\"http:\/\/sv-luftfahrt-berlin.de\/wp-content\/uploads\/2015\/03\/2015_Bad_Belzig_021-300x199.jpg 300w, http:\/\/sv-luftfahrt-berlin.de\/wp-content\/uploads\/2015\/03\/2015_Bad_Belzig_021-1024x680.jpg 1024w, http:\/\/sv-luftfahrt-berlin.de\/wp-content\/uploads\/2015\/03\/2015_Bad_Belzig_021.jpg 1626w\" sizes=\"auto, (max-width: 300px) 100vw, 300px\" \/><\/a><\/p>\n<p>Auch wenn es nicht f\u00fcr alle einen Pokal gab, wurden in einem starken Turnier mit gutem Niveau, sehr sch\u00f6ne Leistung abgeliefert. Wichtig ist auch der Spa\u00df den man dabei nicht verlieren darf. Ausw\u00e4rtsf\u00e4hrten sind immer was besonderes und vor allem dann wenn viele Luftfahrer dabei sind und sich gegenseitig anfeuern. Deshalb freuen wir uns schon auf die n\u00e4chste Ausw\u00e4rtsfahrt zum <a href=\"http:\/\/www.sv-luftfahrt-berlin.de\/wp-content\/uploads\/2011\/05\/2015-8.-Generationsturnier-Halle.pdf\" target=\"_blank\">Generationsturnier in Halle\u00a0am 18.04.<\/a><\/p>\n<p>Danke an alle Eltern und Gro\u00dfeltern die zur Unterst\u00fctzung dabei waren.<\/p>\n<p><strong>Berichte anderer Vereine<\/strong><\/p>\n<p><a href=\"http:\/\/www.judoclub-badbelzig.de\/news2015\/news_seeger_2015.html\" target=\"_blank\">Judoclub Bad Belzig 93 e.V.<br \/>\n<\/a><a href=\"http:\/\/www.sport-dojo-berlin.de\/sites\/aktuelles.html\" target=\"_blank\">Sport-Dojo Berlin e.V.<\/a><\/p>\n<p><strong>Bildergalerie<\/strong><\/p>\n<p>&nbsp;<\/p>\n<p><a href=\"http:\/\/www.sv-luftfahrt-berlin.de\/?p=4620\" target=\"_blank\">SV Luftfahrt Berlin e.V.<\/a><br \/>\n<a href=\"http:\/\/www.judoclub-badbelzig.de\/gallery2015\/galerie13_seeger_2015.html\" target=\"_blank\">Judoclub Bad Belzig 93 e.V.<\/a><\/p>\n","protected":false},"excerpt":{"rendered":"<p>Fast 1 Jahr ist die letzte Ausw\u00e4rtsfahrt unserer Judoka her. Zuletzt in 2013, waren wir dieses Jahr wieder beim Pokalturnier<\/p>\n","protected":false},"author":2,"featured_media":0,"comment_status":"closed","ping_status":"open","sticky":false,"template":"","format":"standard","meta":{"colormag_page_container_layout":"default_layout","colormag_page_sidebar_layout":"default_layout","ngg_post_thumbnail":0,"footnotes":""},"categories":[6,2],"tags":[],"class_list":["post-4615","post","type-post","status-publish","format-standard","hentry","category-allgemein","category-news"],"_links":{"self":[{"href":"http:\/\/sv-luftfahrt-berlin.de\/index.php?rest_route=\/wp\/v2\/posts\/4615","targetHints":{"allow":["GET"]}}],"collection":[{"href":"http:\/\/sv-luftfahrt-berlin.de\/index.php?rest_route=\/wp\/v2\/posts"}],"about":[{"href":"http:\/\/sv-luftfahrt-berlin.de\/index.php?rest_route=\/wp\/v2\/types\/post"}],"author":[{"embeddable":true,"href":"http:\/\/sv-luftfahrt-berlin.de\/index.php?rest_route=\/wp\/v2\/users\/2"}],"replies":[{"embeddable":true,"href":"http:\/\/sv-luftfahrt-berlin.de\/index.php?rest_route=%2Fwp%2Fv2%2Fcomments&post=4615"}],"version-history":[{"count":2,"href":"http:\/\/sv-luftfahrt-berlin.de\/index.php?rest_route=\/wp\/v2\/posts\/4615\/revisions"}],"predecessor-version":[{"id":6875,"href":"http:\/\/sv-luftfahrt-berlin.de\/index.php?rest_route=\/wp\/v2\/posts\/4615\/revisions\/6875"}],"wp:attachment":[{"href":"http:\/\/sv-luftfahrt-berlin.de\/index.php?rest_route=%2Fwp%2Fv2%2Fmedia&parent=4615"}],"wp:term":[{"taxonomy":"category","embeddable":true,"href":"http:\/\/sv-luftfahrt-berlin.de\/index.php?rest_route=%2Fwp%2Fv2%2Fcategories&post=4615"},{"taxonomy":"post_tag","embeddable":true,"href":"http:\/\/sv-luftfahrt-berlin.de\/index.php?rest_route=%2Fwp%2Fv2%2Ftags&post=4615"}],"curies":[{"name":"wp","href":"https:\/\/api.w.org\/{rel}","templated":true}]}}