{"id":7023,"date":"2015-06-20T17:51:56","date_gmt":"2015-06-20T17:51:56","guid":{"rendered":"http:\/\/sv-luftfahrt-berlin.de\/?p=7023"},"modified":"2015-06-20T17:55:31","modified_gmt":"2015-06-20T17:55:31","slug":"19-06-2015-neuer-alter-abteilungsvorstand","status":"publish","type":"post","link":"http:\/\/sv-luftfahrt-berlin.de\/?p=7023","title":{"rendered":"19.06.2015 &#8211; Neuer \/ Alter Abteilungsvorstand"},"content":{"rendered":"<p>Am 19.06.2015 fand die Mitgliederversammlung der Abteilung statt. U.a. Berichtete der Vorstand \u00fcber die geleistete Arbeit in den letzten 4 Jahren und stellte die neue Vereinskleidung vor. Diese werden wir Euch kommenden Freitag bei der Informationsveranstaltung nochmals vorstellen.<\/p>\n<p>Des Weiteren war ein wichtiges Thema bei der Mitgliederversammlung die Neuwahlen des Abteilungsvorstandes. Nicht nur in der Politik, sondern auch bei uns muss alle 4 Jahre der Vorstand neu gew\u00e4hlt werden.<\/p>\n<p>Leider wird uns Oliver Fl\u00fcgel alias Toto nicht mehr im Vorstand unterst\u00fctzen k\u00f6nnen, da er arbeitstechnisch ins Ausland geht. Der Vorstand bedankte sich recht herzlich bei Oliver f\u00fcr seine geleistete Arbeit, \u00fcberreichte Ihm ein kleines Pr\u00e4sent und w\u00fcnschte Ihm viel Erfolg bei seiner neuen Wirkungsst\u00e4tte.<\/p>\n<p><strong>Hier der neue\/alte Abteilungsvorstand:<\/strong><\/p>\n<figure id=\"attachment_7024\" aria-describedby=\"caption-attachment-7024\" style=\"width: 300px\" class=\"wp-caption alignleft\"><a href=\"http:\/\/sv-luftfahrt-berlin.de\/wp-content\/uploads\/2015\/06\/Neuer-Vorstand.jpg\"><img loading=\"lazy\" decoding=\"async\" class=\"wp-image-7024 size-medium\" src=\"http:\/\/sv-luftfahrt-berlin.de\/wp-content\/uploads\/2015\/06\/Neuer-Vorstand-300x116.jpg\" alt=\"Neuer Vorstand\" width=\"300\" height=\"116\" srcset=\"http:\/\/sv-luftfahrt-berlin.de\/wp-content\/uploads\/2015\/06\/Neuer-Vorstand-300x116.jpg 300w, http:\/\/sv-luftfahrt-berlin.de\/wp-content\/uploads\/2015\/06\/Neuer-Vorstand-500x193.jpg 500w, http:\/\/sv-luftfahrt-berlin.de\/wp-content\/uploads\/2015\/06\/Neuer-Vorstand.jpg 958w\" sizes=\"auto, (max-width: 300px) 100vw, 300px\" \/><\/a><figcaption id=\"caption-attachment-7024\" class=\"wp-caption-text\">v.l.n.r.: Niklas Fink, Jan Kretzschmar, Daniel Wernicke, Matthias H\u00e4mmerling<\/figcaption><\/figure>\n<ul>\n<li>Abteilungsleiter: Jan Kretzschmar<\/li>\n<li>stellv. Abteilungsleiter: Daniel Wernicke<\/li>\n<li>Kassenwart: Matthias H\u00e4mmerling<\/li>\n<li>Sportwart: Maximilian Gruber<\/li>\n<li>Jugendwart: Niklas Fink<\/li>\n<\/ul>\n","protected":false},"excerpt":{"rendered":"<p>Am 19.06.2015 fand die Mitgliederversammlung der Abteilung statt. U.a. Berichtete der Vorstand \u00fcber die geleistete Arbeit in den letzten 4<\/p>\n","protected":false},"author":1,"featured_media":0,"comment_status":"closed","ping_status":"closed","sticky":false,"template":"","format":"standard","meta":{"colormag_page_container_layout":"default_layout","colormag_page_sidebar_layout":"default_layout","ngg_post_thumbnail":0,"footnotes":""},"categories":[2],"tags":[],"class_list":["post-7023","post","type-post","status-publish","format-standard","hentry","category-news"],"_links":{"self":[{"href":"http:\/\/sv-luftfahrt-berlin.de\/index.php?rest_route=\/wp\/v2\/posts\/7023","targetHints":{"allow":["GET"]}}],"collection":[{"href":"http:\/\/sv-luftfahrt-berlin.de\/index.php?rest_route=\/wp\/v2\/posts"}],"about":[{"href":"http:\/\/sv-luftfahrt-berlin.de\/index.php?rest_route=\/wp\/v2\/types\/post"}],"author":[{"embeddable":true,"href":"http:\/\/sv-luftfahrt-berlin.de\/index.php?rest_route=\/wp\/v2\/users\/1"}],"replies":[{"embeddable":true,"href":"http:\/\/sv-luftfahrt-berlin.de\/index.php?rest_route=%2Fwp%2Fv2%2Fcomments&post=7023"}],"version-history":[{"count":5,"href":"http:\/\/sv-luftfahrt-berlin.de\/index.php?rest_route=\/wp\/v2\/posts\/7023\/revisions"}],"predecessor-version":[{"id":7029,"href":"http:\/\/sv-luftfahrt-berlin.de\/index.php?rest_route=\/wp\/v2\/posts\/7023\/revisions\/7029"}],"wp:attachment":[{"href":"http:\/\/sv-luftfahrt-berlin.de\/index.php?rest_route=%2Fwp%2Fv2%2Fmedia&parent=7023"}],"wp:term":[{"taxonomy":"category","embeddable":true,"href":"http:\/\/sv-luftfahrt-berlin.de\/index.php?rest_route=%2Fwp%2Fv2%2Fcategories&post=7023"},{"taxonomy":"post_tag","embeddable":true,"href":"http:\/\/sv-luftfahrt-berlin.de\/index.php?rest_route=%2Fwp%2Fv2%2Ftags&post=7023"}],"curies":[{"name":"wp","href":"https:\/\/api.w.org\/{rel}","templated":true}]}}