{"id":7061,"date":"2015-06-28T16:23:55","date_gmt":"2015-06-28T16:23:55","guid":{"rendered":"http:\/\/sv-luftfahrt-berlin.de\/?p=7061"},"modified":"2015-06-28T18:09:10","modified_gmt":"2015-06-28T18:09:10","slug":"27-06-2015-nodem-7-platz-fuer-tom-louis-und-moralischen-5-platz-fuer-eliza","status":"publish","type":"post","link":"http:\/\/sv-luftfahrt-berlin.de\/?p=7061","title":{"rendered":"27.06.2015 &#8211; NoDEM 7. Platz f\u00fcr Tom Louis und moralischen 5. Platz f\u00fcr Eliza"},"content":{"rendered":"<p><a href=\"http:\/\/sv-luftfahrt-berlin.de\/wp-content\/uploads\/2015\/06\/IMG-20150627-WA0001.jpg\"><img loading=\"lazy\" decoding=\"async\" class=\" size-medium wp-image-7063 alignleft\" src=\"http:\/\/sv-luftfahrt-berlin.de\/wp-content\/uploads\/2015\/06\/IMG-20150627-WA0001-169x300.jpg\" alt=\"IMG-20150627-WA0001\" width=\"169\" height=\"300\" srcset=\"http:\/\/sv-luftfahrt-berlin.de\/wp-content\/uploads\/2015\/06\/IMG-20150627-WA0001-169x300.jpg 169w, http:\/\/sv-luftfahrt-berlin.de\/wp-content\/uploads\/2015\/06\/IMG-20150627-WA0001-576x1024.jpg 576w, http:\/\/sv-luftfahrt-berlin.de\/wp-content\/uploads\/2015\/06\/IMG-20150627-WA0001.jpg 720w\" sizes=\"auto, (max-width: 169px) 100vw, 169px\" \/><\/a> Am 27.06.2015 fand in Greifswald die NoDEM der U 15 statt. Aus unserem Verein hatten sich zu diesem Turnier Tom Louis und Eliza qualifiziert.<\/p>\n<p>Die erste Herausforderung an diesem Tage war das fr\u00fche Aufstehen bereits um 5:30 Uhr hie\u00df es f\u00fcr die beiden und Jan Kretzschmar der als Betreuer mitfuhr aufstehen und losfahren. Damit alle p\u00fcnktlich um 8:00 Uhr zum Wiegen in Greifswald waren.<\/p>\n<p>Als erstes musste sich Eliza behaupten, Sie musste einen Kampf abgeben und konnte 2 K\u00e4mpfe f\u00fcr sich erfolgreich gestalten. Leider wurde Ihre Liste im Nachgang wegen &#8222;angeblicher Fehler&#8220; korrigiert, trotz aller Proteste von Jan musste Sie, anstatt um den 3. Platz zu k\u00e4mpfen, nochmal antreten zum Kampf um den Einzug ins kleine Finale. Hier musste Sie sich leider geschlagen geben. Trotzdem hat Sie f\u00fcr uns mindestens den moralischen 5. Platz und nicht den 7. Platz wie offizell in der Liste vermerkt.<\/p>\n<p>F\u00fcr Tom Louis hie\u00df es leider erstmal warten seine Liste war die letzte die gek\u00e4mpft wurde er hatte 2 K\u00e4mpfe musste sich aber in beiden K\u00e4mpfen dem st\u00e4rkeren Gegnern geschlagen geben konnte aber sich so den 7. Platz sichern.<\/p>\n<p><a href=\"http:\/\/sv-luftfahrt-berlin.de\/wp-content\/uploads\/2015\/06\/IMG-20150627-WA0002.jpg\"><img loading=\"lazy\" decoding=\"async\" class=\"alignnone size-medium wp-image-7064\" src=\"http:\/\/sv-luftfahrt-berlin.de\/wp-content\/uploads\/2015\/06\/IMG-20150627-WA0002-300x169.jpg\" alt=\"IMG-20150627-WA0002\" width=\"300\" height=\"169\" srcset=\"http:\/\/sv-luftfahrt-berlin.de\/wp-content\/uploads\/2015\/06\/IMG-20150627-WA0002-300x169.jpg 300w, http:\/\/sv-luftfahrt-berlin.de\/wp-content\/uploads\/2015\/06\/IMG-20150627-WA0002-1024x576.jpg 1024w, http:\/\/sv-luftfahrt-berlin.de\/wp-content\/uploads\/2015\/06\/IMG-20150627-WA0002-500x281.jpg 500w, http:\/\/sv-luftfahrt-berlin.de\/wp-content\/uploads\/2015\/06\/IMG-20150627-WA0002.jpg 1280w\" sizes=\"auto, (max-width: 300px) 100vw, 300px\" \/><\/a><br \/>\nBeide konnten Zeigen was Sie drauf hatten und hatten viel Spass bei diesem Turnier. Jan kann beide nur in den h\u00f6chsten T\u00f6nen loben. F\u00fcr die Zukunft hei\u00dft es jetzt weiter \u00fcben und n\u00e4chstes Jahr es nochmals zu versuchen.<\/p>\n","protected":false},"excerpt":{"rendered":"<p>Am 27.06.2015 fand in Greifswald die NoDEM der U 15 statt. Aus unserem Verein hatten sich zu diesem Turnier Tom<\/p>\n","protected":false},"author":1,"featured_media":0,"comment_status":"closed","ping_status":"closed","sticky":false,"template":"","format":"standard","meta":{"colormag_page_container_layout":"default_layout","colormag_page_sidebar_layout":"default_layout","ngg_post_thumbnail":0,"footnotes":""},"categories":[2],"tags":[],"class_list":["post-7061","post","type-post","status-publish","format-standard","hentry","category-news"],"_links":{"self":[{"href":"http:\/\/sv-luftfahrt-berlin.de\/index.php?rest_route=\/wp\/v2\/posts\/7061","targetHints":{"allow":["GET"]}}],"collection":[{"href":"http:\/\/sv-luftfahrt-berlin.de\/index.php?rest_route=\/wp\/v2\/posts"}],"about":[{"href":"http:\/\/sv-luftfahrt-berlin.de\/index.php?rest_route=\/wp\/v2\/types\/post"}],"author":[{"embeddable":true,"href":"http:\/\/sv-luftfahrt-berlin.de\/index.php?rest_route=\/wp\/v2\/users\/1"}],"replies":[{"embeddable":true,"href":"http:\/\/sv-luftfahrt-berlin.de\/index.php?rest_route=%2Fwp%2Fv2%2Fcomments&post=7061"}],"version-history":[{"count":4,"href":"http:\/\/sv-luftfahrt-berlin.de\/index.php?rest_route=\/wp\/v2\/posts\/7061\/revisions"}],"predecessor-version":[{"id":7067,"href":"http:\/\/sv-luftfahrt-berlin.de\/index.php?rest_route=\/wp\/v2\/posts\/7061\/revisions\/7067"}],"wp:attachment":[{"href":"http:\/\/sv-luftfahrt-berlin.de\/index.php?rest_route=%2Fwp%2Fv2%2Fmedia&parent=7061"}],"wp:term":[{"taxonomy":"category","embeddable":true,"href":"http:\/\/sv-luftfahrt-berlin.de\/index.php?rest_route=%2Fwp%2Fv2%2Fcategories&post=7061"},{"taxonomy":"post_tag","embeddable":true,"href":"http:\/\/sv-luftfahrt-berlin.de\/index.php?rest_route=%2Fwp%2Fv2%2Ftags&post=7061"}],"curies":[{"name":"wp","href":"https:\/\/api.w.org\/{rel}","templated":true}]}}