{"id":14933,"date":"2026-03-07T12:24:43","date_gmt":"2026-03-07T12:24:43","guid":{"rendered":"https:\/\/sv-luftfahrt-berlin.de\/?p=14933"},"modified":"2026-03-07T12:24:43","modified_gmt":"2026-03-07T12:24:43","slug":"28-02-2026-faschingsturnier-auma","status":"publish","type":"post","link":"https:\/\/sv-luftfahrt-berlin.de\/?p=14933","title":{"rendered":"28.02.2026 Faschingsturnier Auma"},"content":{"rendered":"\n<p>Am 28. Februar ging es mit starker Besetzung Richtung Th\u00fcringen zum Faschingsturnier des JSV Auma.&nbsp;<\/p>\n<p>Gek\u00e4mpft haben: Jack (-66), Milan (-66), Thore (-66, 2. Platz), Alexander (-81, 2. Platz), Jakob (-81, 3. Platz), John (-90), Leon (-100, 1. Platz) und Niklas (+100, 1. Platz).&nbsp;<\/p>\n<p>Neben den K\u00e4mpfen in den \u00fcblichen Klassen gab es im Anschluss auch noch mehrere offene Klassen. In der offenen Klasse bis gr\u00fcn k\u00e4mpften Jack, Thore (3. Platz) und Milan (3. Platz). In der offenen Klasse ab blau k\u00e4mpften Alex und Niklas (1. Platz).&nbsp;<\/p>\n<p>Ebenfalls dabei waren Robert als Kampfrichter sowie Ben, Felix, Ronny, Andy und Maxwell als Fanbase \ud83d\ude42<\/p>\n<p>Vielen Dank an unsere Autofahrer und auch den JSV Auma f\u00fcr ein sehr sch\u00f6nes Turnier!&nbsp;<\/p>\n<p>&nbsp;<\/p>\n\n\n\n<figure class=\"wp-block-image size-large\"><a href=\"http:\/\/sv-luftfahrt-berlin.de\/wp-content\/uploads\/2026\/03\/P2282679.jpg\"><img loading=\"lazy\" decoding=\"async\" width=\"1024\" height=\"769\" src=\"http:\/\/sv-luftfahrt-berlin.de\/wp-content\/uploads\/2026\/03\/P2282679-1024x769.jpg\" alt=\"\" class=\"wp-image-14935\" srcset=\"https:\/\/sv-luftfahrt-berlin.de\/wp-content\/uploads\/2026\/03\/P2282679-1024x769.jpg 1024w, https:\/\/sv-luftfahrt-berlin.de\/wp-content\/uploads\/2026\/03\/P2282679-300x225.jpg 300w, https:\/\/sv-luftfahrt-berlin.de\/wp-content\/uploads\/2026\/03\/P2282679-768x577.jpg 768w, https:\/\/sv-luftfahrt-berlin.de\/wp-content\/uploads\/2026\/03\/P2282679-1536x1154.jpg 1536w, https:\/\/sv-luftfahrt-berlin.de\/wp-content\/uploads\/2026\/03\/P2282679.jpg 2000w\" sizes=\"auto, (max-width: 1024px) 100vw, 1024px\" \/><\/a><\/figure>\n\n\n","protected":false},"excerpt":{"rendered":"<p>Am 28. Februar ging es mit starker Besetzung Richtung Th\u00fcringen zum Faschingsturnier des JSV Auma.&nbsp; Gek\u00e4mpft haben: Jack (-66), Milan<\/p>\n","protected":false},"author":3,"featured_media":0,"comment_status":"closed","ping_status":"closed","sticky":false,"template":"","format":"standard","meta":{"colormag_page_container_layout":"default_layout","colormag_page_sidebar_layout":"default_layout","ngg_post_thumbnail":0,"footnotes":""},"categories":[1],"tags":[],"class_list":["post-14933","post","type-post","status-publish","format-standard","hentry","category-sonstiges"],"_links":{"self":[{"href":"https:\/\/sv-luftfahrt-berlin.de\/index.php?rest_route=\/wp\/v2\/posts\/14933","targetHints":{"allow":["GET"]}}],"collection":[{"href":"https:\/\/sv-luftfahrt-berlin.de\/index.php?rest_route=\/wp\/v2\/posts"}],"about":[{"href":"https:\/\/sv-luftfahrt-berlin.de\/index.php?rest_route=\/wp\/v2\/types\/post"}],"author":[{"embeddable":true,"href":"https:\/\/sv-luftfahrt-berlin.de\/index.php?rest_route=\/wp\/v2\/users\/3"}],"replies":[{"embeddable":true,"href":"https:\/\/sv-luftfahrt-berlin.de\/index.php?rest_route=%2Fwp%2Fv2%2Fcomments&post=14933"}],"version-history":[{"count":2,"href":"https:\/\/sv-luftfahrt-berlin.de\/index.php?rest_route=\/wp\/v2\/posts\/14933\/revisions"}],"predecessor-version":[{"id":14936,"href":"https:\/\/sv-luftfahrt-berlin.de\/index.php?rest_route=\/wp\/v2\/posts\/14933\/revisions\/14936"}],"wp:attachment":[{"href":"https:\/\/sv-luftfahrt-berlin.de\/index.php?rest_route=%2Fwp%2Fv2%2Fmedia&parent=14933"}],"wp:term":[{"taxonomy":"category","embeddable":true,"href":"https:\/\/sv-luftfahrt-berlin.de\/index.php?rest_route=%2Fwp%2Fv2%2Fcategories&post=14933"},{"taxonomy":"post_tag","embeddable":true,"href":"https:\/\/sv-luftfahrt-berlin.de\/index.php?rest_route=%2Fwp%2Fv2%2Ftags&post=14933"}],"curies":[{"name":"wp","href":"https:\/\/api.w.org\/{rel}","templated":true}]}}